{"id":3151,"date":"2026-08-12T15:16:44","date_gmt":"2026-08-12T13:16:44","guid":{"rendered":"https:\/\/dhr.se\/ale\/?p=3151"},"modified":"2026-08-12T15:16:50","modified_gmt":"2026-08-12T13:16:50","slug":"dhr-ale-har-tagit-tempen-pa-partierna-i-ale-kommun-infor-valet-2026","status":"publish","type":"post","link":"https:\/\/dhr.se\/ale\/dhr-ale-har-tagit-tempen-pa-partierna-i-ale-kommun-infor-valet-2026\/","title":{"rendered":"DHR Ale har tagit tempen p\u00e5 partierna i Ale kommun inf\u00f6r valet 2026"},"content":{"rendered":"\n<figure class=\"wp-block-image size-large\"><img loading=\"lazy\" decoding=\"async\" width=\"1024\" height=\"683\" src=\"https:\/\/dhr.se\/ale\/wp-content\/uploads\/sites\/18\/2026\/08\/Copilot_20260812_145549-1024x683.jpg\" alt=\"\" class=\"wp-image-3153\" srcset=\"https:\/\/dhr.se\/ale\/wp-content\/uploads\/sites\/18\/2026\/08\/Copilot_20260812_145549-1024x683.jpg 1024w, https:\/\/dhr.se\/ale\/wp-content\/uploads\/sites\/18\/2026\/08\/Copilot_20260812_145549-300x200.jpg 300w, https:\/\/dhr.se\/ale\/wp-content\/uploads\/sites\/18\/2026\/08\/Copilot_20260812_145549-768x512.jpg 768w, https:\/\/dhr.se\/ale\/wp-content\/uploads\/sites\/18\/2026\/08\/Copilot_20260812_145549-50x33.jpg 50w, https:\/\/dhr.se\/ale\/wp-content\/uploads\/sites\/18\/2026\/08\/Copilot_20260812_145549.jpg 1536w\" sizes=\"auto, (max-width: 1024px) 100vw, 1024px\" \/><\/figure>\n\n\n\n<p class=\"wp-block-paragraph\"><\/p>\n\n\n\n<p class=\"wp-block-paragraph\"><\/p>\n\n\n\n<p class=\"wp-block-paragraph\">DHR Ales styrelse har valt att ta tempen p\u00e5 samtliga partier i Ale kommun inf\u00f6r valet 2026. Vi valde att st\u00e4lla f\u00f6ljande fr\u00e5gor:<\/p>\n\n\n\n<p class=\"wp-block-paragraph\"><strong>Hur kommer ni att s\u00e4kerst\u00e4lla att personal som arbetar inom LSS och Sol (LSS-boende, hemtj\u00e4nst etc.) s\u00e4ger hej och presenterar sig med namn och b\u00e4r namnskylt (som funkar f\u00f6r de med synneds\u00e4ttning) n\u00e4r de bes\u00f6ker brukarna?&nbsp;<\/strong><\/p>\n\n\n\n<p class=\"wp-block-paragraph\"><strong>Vilka funktionshinderfr\u00e5gor kommer ni prioritera under kommande mandatperiod i Ale kommun?<\/strong><\/p>\n\n\n\n<p class=\"wp-block-paragraph\"><strong>Hur \u00e4r tillg\u00e4ngligheten till de lokaler ni anv\u00e4nder i samband med era partim\u00f6ten?<\/strong><\/p>\n\n\n\n<p class=\"wp-block-paragraph\"><strong>Kommer ni inf\u00f6ra att f\u00e4rdtj\u00e4nsttaxan likst\u00e4lls med kollektivtrafiktaxan under kommande mandatperiod?<\/strong><\/p>\n\n\n\n<p class=\"wp-block-paragraph\"><strong>Kommer ni ta fram en plan f\u00f6r hur Ale Kommun skall arbeta med tillg\u00e4nglighet i framtiden? Hur skulle den se ut i s\u00e5 fall?<\/strong><\/p>\n\n\n\n<p class=\"wp-block-paragraph\"><strong>Hur kommer ni s\u00e4kerst\u00e4lla att kommuninv\u00e5narna med funktionsneds\u00e4ttning i hela kommunen \u00e4r s\u00e4kra och f\u00e5r den hj\u00e4lp de beh\u00f6ver om kriget eller krisen kommer (oavsett om man bor p\u00e5 boende eller ej, eller vilken hj\u00e4lpinsats man har)?<\/strong><\/p>\n\n\n\n<p class=\"wp-block-paragraph\"><strong>Hur kommer ni arbeta f\u00f6r att uppn\u00e5 m\u00e5len i Agenda 2030 som ber\u00f6r personer med funktionsneds\u00e4ttning? Har ni n\u00e5gon som \u00e4r ansvarig f\u00f6r detta?<\/strong> <\/p>\n\n\n\n<p class=\"wp-block-paragraph\">De sammanst\u00e4llda svaren vi f\u00e5tt in kan ni l\u00e4sa h\u00e4r: <a href=\"https:\/\/dhr.se\/ale\/wp-content\/uploads\/sites\/18\/2026\/08\/Sammanstallning-svar-pa-fragor-till-politiken-20260729.pdf\">Svar p\u00e5 valfr\u00e5gor<\/a><\/p>\n","protected":false},"excerpt":{"rendered":"<p>DHR Ales styrelse har valt att ta tempen p\u00e5 samtliga partier i Ale kommun inf\u00f6r valet 2026. Vi valde att st\u00e4lla f\u00f6ljande fr\u00e5gor: Hur kommer ni att s\u00e4kerst\u00e4lla att personal som arbetar inom LSS och Sol (LSS-boende, hemtj\u00e4nst etc.) s\u00e4ger[&hellip;]<\/p>\n","protected":false},"author":43,"featured_media":3153,"comment_status":"closed","ping_status":"open","sticky":false,"template":"","format":"standard","meta":{"_acf_changed":false,"_monsterinsights_skip_tracking":false,"footnotes":""},"categories":[1],"tags":[],"class_list":["post-3151","post","type-post","status-publish","format-standard","has-post-thumbnail","hentry","category-okategoriserad"],"acf":[],"yoast_head":"<!-- This site is optimized with the Yoast SEO plugin v28.3 - https:\/\/yoast.com\/product\/yoast-seo-wordpress\/ -->\n<title>DHR Ale har tagit tempen p\u00e5 partierna i Ale kommun inf\u00f6r valet 2026 - DHR - Ale<\/title>\n<meta name=\"robots\" content=\"index, follow, max-snippet:-1, max-image-preview:large, max-video-preview:-1\" \/>\n<link rel=\"canonical\" href=\"https:\/\/dhr.se\/ale\/dhr-ale-har-tagit-tempen-pa-partierna-i-ale-kommun-infor-valet-2026\/\" \/>\n<meta property=\"og:locale\" content=\"sv_SE\" \/>\n<meta property=\"og:type\" content=\"article\" \/>\n<meta property=\"og:title\" content=\"DHR Ale har tagit tempen p\u00e5 partierna i Ale kommun inf\u00f6r valet 2026 - DHR - Ale\" \/>\n<meta property=\"og:description\" content=\"DHR Ales styrelse har valt att ta tempen p\u00e5 samtliga partier i Ale kommun inf\u00f6r valet 2026. Vi valde att st\u00e4lla f\u00f6ljande fr\u00e5gor: Hur kommer ni att s\u00e4kerst\u00e4lla att personal som arbetar inom LSS och Sol (LSS-boende, hemtj\u00e4nst etc.) s\u00e4ger[&hellip;]\" \/>\n<meta property=\"og:url\" content=\"https:\/\/dhr.se\/ale\/dhr-ale-har-tagit-tempen-pa-partierna-i-ale-kommun-infor-valet-2026\/\" \/>\n<meta property=\"og:site_name\" content=\"DHR - Ale\" \/>\n<meta property=\"article:published_time\" content=\"2026-08-12T13:16:44+00:00\" \/>\n<meta property=\"article:modified_time\" content=\"2026-08-12T13:16:50+00:00\" \/>\n<meta property=\"og:image\" content=\"https:\/\/dhr.se\/ale\/wp-content\/uploads\/sites\/18\/2026\/08\/Copilot_20260812_145549.jpg\" \/>\n\t<meta property=\"og:image:width\" content=\"1536\" \/>\n\t<meta property=\"og:image:height\" content=\"1024\" \/>\n\t<meta property=\"og:image:type\" content=\"image\/jpeg\" \/>\n<meta name=\"author\" content=\"aledhr\" \/>\n<meta name=\"twitter:card\" content=\"summary_large_image\" \/>\n<meta name=\"twitter:label1\" content=\"Skriven av\" \/>\n\t<meta name=\"twitter:data1\" content=\"aledhr\" \/>\n\t<meta name=\"twitter:label2\" content=\"Ber\u00e4knad l\u00e4stid\" \/>\n\t<meta name=\"twitter:data2\" content=\"2 minuter\" \/>\n<script type=\"application\/ld+json\" class=\"yoast-schema-graph\">{\"@context\":\"https:\\\/\\\/schema.org\",\"@graph\":[{\"@type\":\"Article\",\"@id\":\"https:\\\/\\\/dhr.se\\\/ale\\\/dhr-ale-har-tagit-tempen-pa-partierna-i-ale-kommun-infor-valet-2026\\\/#article\",\"isPartOf\":{\"@id\":\"https:\\\/\\\/dhr.se\\\/ale\\\/dhr-ale-har-tagit-tempen-pa-partierna-i-ale-kommun-infor-valet-2026\\\/\"},\"author\":{\"name\":\"aledhr\",\"@id\":\"https:\\\/\\\/dhr.se\\\/ale\\\/#\\\/schema\\\/person\\\/8d0f7641846c3126e9e4fbf46d73e29d\"},\"headline\":\"DHR Ale har tagit tempen p\u00e5 partierna i Ale kommun inf\u00f6r valet 2026\",\"datePublished\":\"2026-08-12T13:16:44+00:00\",\"dateModified\":\"2026-08-12T13:16:50+00:00\",\"mainEntityOfPage\":{\"@id\":\"https:\\\/\\\/dhr.se\\\/ale\\\/dhr-ale-har-tagit-tempen-pa-partierna-i-ale-kommun-infor-valet-2026\\\/\"},\"wordCount\":247,\"image\":{\"@id\":\"https:\\\/\\\/dhr.se\\\/ale\\\/dhr-ale-har-tagit-tempen-pa-partierna-i-ale-kommun-infor-valet-2026\\\/#primaryimage\"},\"thumbnailUrl\":\"https:\\\/\\\/dhr.se\\\/ale\\\/wp-content\\\/uploads\\\/sites\\\/18\\\/2026\\\/08\\\/Copilot_20260812_145549.jpg\",\"articleSection\":[\"Okategoriserad\"],\"inLanguage\":\"sv-SE\"},{\"@type\":\"WebPage\",\"@id\":\"https:\\\/\\\/dhr.se\\\/ale\\\/dhr-ale-har-tagit-tempen-pa-partierna-i-ale-kommun-infor-valet-2026\\\/\",\"url\":\"https:\\\/\\\/dhr.se\\\/ale\\\/dhr-ale-har-tagit-tempen-pa-partierna-i-ale-kommun-infor-valet-2026\\\/\",\"name\":\"DHR Ale har tagit tempen p\u00e5 partierna i Ale kommun inf\u00f6r valet 2026 - DHR - Ale\",\"isPartOf\":{\"@id\":\"https:\\\/\\\/dhr.se\\\/ale\\\/#website\"},\"primaryImageOfPage\":{\"@id\":\"https:\\\/\\\/dhr.se\\\/ale\\\/dhr-ale-har-tagit-tempen-pa-partierna-i-ale-kommun-infor-valet-2026\\\/#primaryimage\"},\"image\":{\"@id\":\"https:\\\/\\\/dhr.se\\\/ale\\\/dhr-ale-har-tagit-tempen-pa-partierna-i-ale-kommun-infor-valet-2026\\\/#primaryimage\"},\"thumbnailUrl\":\"https:\\\/\\\/dhr.se\\\/ale\\\/wp-content\\\/uploads\\\/sites\\\/18\\\/2026\\\/08\\\/Copilot_20260812_145549.jpg\",\"datePublished\":\"2026-08-12T13:16:44+00:00\",\"dateModified\":\"2026-08-12T13:16:50+00:00\",\"author\":{\"@id\":\"https:\\\/\\\/dhr.se\\\/ale\\\/#\\\/schema\\\/person\\\/8d0f7641846c3126e9e4fbf46d73e29d\"},\"breadcrumb\":{\"@id\":\"https:\\\/\\\/dhr.se\\\/ale\\\/dhr-ale-har-tagit-tempen-pa-partierna-i-ale-kommun-infor-valet-2026\\\/#breadcrumb\"},\"inLanguage\":\"sv-SE\",\"potentialAction\":[{\"@type\":\"ReadAction\",\"target\":[\"https:\\\/\\\/dhr.se\\\/ale\\\/dhr-ale-har-tagit-tempen-pa-partierna-i-ale-kommun-infor-valet-2026\\\/\"]}]},{\"@type\":\"ImageObject\",\"inLanguage\":\"sv-SE\",\"@id\":\"https:\\\/\\\/dhr.se\\\/ale\\\/dhr-ale-har-tagit-tempen-pa-partierna-i-ale-kommun-infor-valet-2026\\\/#primaryimage\",\"url\":\"https:\\\/\\\/dhr.se\\\/ale\\\/wp-content\\\/uploads\\\/sites\\\/18\\\/2026\\\/08\\\/Copilot_20260812_145549.jpg\",\"contentUrl\":\"https:\\\/\\\/dhr.se\\\/ale\\\/wp-content\\\/uploads\\\/sites\\\/18\\\/2026\\\/08\\\/Copilot_20260812_145549.jpg\",\"width\":1536,\"height\":1024},{\"@type\":\"BreadcrumbList\",\"@id\":\"https:\\\/\\\/dhr.se\\\/ale\\\/dhr-ale-har-tagit-tempen-pa-partierna-i-ale-kommun-infor-valet-2026\\\/#breadcrumb\",\"itemListElement\":[{\"@type\":\"ListItem\",\"position\":1,\"name\":\"Hem\",\"item\":\"https:\\\/\\\/dhr.se\\\/ale\\\/\"},{\"@type\":\"ListItem\",\"position\":2,\"name\":\"DHR Ale har tagit tempen p\u00e5 partierna i Ale kommun inf\u00f6r valet 2026\"}]},{\"@type\":\"WebSite\",\"@id\":\"https:\\\/\\\/dhr.se\\\/ale\\\/#website\",\"url\":\"https:\\\/\\\/dhr.se\\\/ale\\\/\",\"name\":\"DHR - Ale\",\"description\":\"Delaktighet, r\u00f6relsefrihet och handlingskraft\",\"potentialAction\":[{\"@type\":\"SearchAction\",\"target\":{\"@type\":\"EntryPoint\",\"urlTemplate\":\"https:\\\/\\\/dhr.se\\\/ale\\\/?s={search_term_string}\"},\"query-input\":{\"@type\":\"PropertyValueSpecification\",\"valueRequired\":true,\"valueName\":\"search_term_string\"}}],\"inLanguage\":\"sv-SE\"},{\"@type\":\"Person\",\"@id\":\"https:\\\/\\\/dhr.se\\\/ale\\\/#\\\/schema\\\/person\\\/8d0f7641846c3126e9e4fbf46d73e29d\",\"name\":\"aledhr\",\"image\":{\"@type\":\"ImageObject\",\"inLanguage\":\"sv-SE\",\"@id\":\"https:\\\/\\\/secure.gravatar.com\\\/avatar\\\/48f16a459c4a6e72f0ea22b5be34ce5d56b7dea9c73b9cb091a436e60d4875b6?s=96&d=mm&r=g\",\"url\":\"https:\\\/\\\/secure.gravatar.com\\\/avatar\\\/48f16a459c4a6e72f0ea22b5be34ce5d56b7dea9c73b9cb091a436e60d4875b6?s=96&d=mm&r=g\",\"contentUrl\":\"https:\\\/\\\/secure.gravatar.com\\\/avatar\\\/48f16a459c4a6e72f0ea22b5be34ce5d56b7dea9c73b9cb091a436e60d4875b6?s=96&d=mm&r=g\",\"caption\":\"aledhr\"},\"url\":\"https:\\\/\\\/dhr.se\\\/ale\\\/author\\\/aledhr\\\/\"}]}<\/script>\n<!-- \/ Yoast SEO plugin. -->","yoast_head_json":{"title":"DHR Ale har tagit tempen p\u00e5 partierna i Ale kommun inf\u00f6r valet 2026 - DHR - Ale","robots":{"index":"index","follow":"follow","max-snippet":"max-snippet:-1","max-image-preview":"max-image-preview:large","max-video-preview":"max-video-preview:-1"},"canonical":"https:\/\/dhr.se\/ale\/dhr-ale-har-tagit-tempen-pa-partierna-i-ale-kommun-infor-valet-2026\/","og_locale":"sv_SE","og_type":"article","og_title":"DHR Ale har tagit tempen p\u00e5 partierna i Ale kommun inf\u00f6r valet 2026 - DHR - Ale","og_description":"DHR Ales styrelse har valt att ta tempen p\u00e5 samtliga partier i Ale kommun inf\u00f6r valet 2026. Vi valde att st\u00e4lla f\u00f6ljande fr\u00e5gor: Hur kommer ni att s\u00e4kerst\u00e4lla att personal som arbetar inom LSS och Sol (LSS-boende, hemtj\u00e4nst etc.) s\u00e4ger[&hellip;]","og_url":"https:\/\/dhr.se\/ale\/dhr-ale-har-tagit-tempen-pa-partierna-i-ale-kommun-infor-valet-2026\/","og_site_name":"DHR - Ale","article_published_time":"2026-08-12T13:16:44+00:00","article_modified_time":"2026-08-12T13:16:50+00:00","og_image":[{"width":1536,"height":1024,"url":"https:\/\/dhr.se\/ale\/wp-content\/uploads\/sites\/18\/2026\/08\/Copilot_20260812_145549.jpg","type":"image\/jpeg"}],"author":"aledhr","twitter_card":"summary_large_image","twitter_misc":{"Skriven av":"aledhr","Ber\u00e4knad l\u00e4stid":"2 minuter"},"schema":{"@context":"https:\/\/schema.org","@graph":[{"@type":"Article","@id":"https:\/\/dhr.se\/ale\/dhr-ale-har-tagit-tempen-pa-partierna-i-ale-kommun-infor-valet-2026\/#article","isPartOf":{"@id":"https:\/\/dhr.se\/ale\/dhr-ale-har-tagit-tempen-pa-partierna-i-ale-kommun-infor-valet-2026\/"},"author":{"name":"aledhr","@id":"https:\/\/dhr.se\/ale\/#\/schema\/person\/8d0f7641846c3126e9e4fbf46d73e29d"},"headline":"DHR Ale har tagit tempen p\u00e5 partierna i Ale kommun inf\u00f6r valet 2026","datePublished":"2026-08-12T13:16:44+00:00","dateModified":"2026-08-12T13:16:50+00:00","mainEntityOfPage":{"@id":"https:\/\/dhr.se\/ale\/dhr-ale-har-tagit-tempen-pa-partierna-i-ale-kommun-infor-valet-2026\/"},"wordCount":247,"image":{"@id":"https:\/\/dhr.se\/ale\/dhr-ale-har-tagit-tempen-pa-partierna-i-ale-kommun-infor-valet-2026\/#primaryimage"},"thumbnailUrl":"https:\/\/dhr.se\/ale\/wp-content\/uploads\/sites\/18\/2026\/08\/Copilot_20260812_145549.jpg","articleSection":["Okategoriserad"],"inLanguage":"sv-SE"},{"@type":"WebPage","@id":"https:\/\/dhr.se\/ale\/dhr-ale-har-tagit-tempen-pa-partierna-i-ale-kommun-infor-valet-2026\/","url":"https:\/\/dhr.se\/ale\/dhr-ale-har-tagit-tempen-pa-partierna-i-ale-kommun-infor-valet-2026\/","name":"DHR Ale har tagit tempen p\u00e5 partierna i Ale kommun inf\u00f6r valet 2026 - DHR - Ale","isPartOf":{"@id":"https:\/\/dhr.se\/ale\/#website"},"primaryImageOfPage":{"@id":"https:\/\/dhr.se\/ale\/dhr-ale-har-tagit-tempen-pa-partierna-i-ale-kommun-infor-valet-2026\/#primaryimage"},"image":{"@id":"https:\/\/dhr.se\/ale\/dhr-ale-har-tagit-tempen-pa-partierna-i-ale-kommun-infor-valet-2026\/#primaryimage"},"thumbnailUrl":"https:\/\/dhr.se\/ale\/wp-content\/uploads\/sites\/18\/2026\/08\/Copilot_20260812_145549.jpg","datePublished":"2026-08-12T13:16:44+00:00","dateModified":"2026-08-12T13:16:50+00:00","author":{"@id":"https:\/\/dhr.se\/ale\/#\/schema\/person\/8d0f7641846c3126e9e4fbf46d73e29d"},"breadcrumb":{"@id":"https:\/\/dhr.se\/ale\/dhr-ale-har-tagit-tempen-pa-partierna-i-ale-kommun-infor-valet-2026\/#breadcrumb"},"inLanguage":"sv-SE","potentialAction":[{"@type":"ReadAction","target":["https:\/\/dhr.se\/ale\/dhr-ale-har-tagit-tempen-pa-partierna-i-ale-kommun-infor-valet-2026\/"]}]},{"@type":"ImageObject","inLanguage":"sv-SE","@id":"https:\/\/dhr.se\/ale\/dhr-ale-har-tagit-tempen-pa-partierna-i-ale-kommun-infor-valet-2026\/#primaryimage","url":"https:\/\/dhr.se\/ale\/wp-content\/uploads\/sites\/18\/2026\/08\/Copilot_20260812_145549.jpg","contentUrl":"https:\/\/dhr.se\/ale\/wp-content\/uploads\/sites\/18\/2026\/08\/Copilot_20260812_145549.jpg","width":1536,"height":1024},{"@type":"BreadcrumbList","@id":"https:\/\/dhr.se\/ale\/dhr-ale-har-tagit-tempen-pa-partierna-i-ale-kommun-infor-valet-2026\/#breadcrumb","itemListElement":[{"@type":"ListItem","position":1,"name":"Hem","item":"https:\/\/dhr.se\/ale\/"},{"@type":"ListItem","position":2,"name":"DHR Ale har tagit tempen p\u00e5 partierna i Ale kommun inf\u00f6r valet 2026"}]},{"@type":"WebSite","@id":"https:\/\/dhr.se\/ale\/#website","url":"https:\/\/dhr.se\/ale\/","name":"DHR - Ale","description":"Delaktighet, r\u00f6relsefrihet och handlingskraft","potentialAction":[{"@type":"SearchAction","target":{"@type":"EntryPoint","urlTemplate":"https:\/\/dhr.se\/ale\/?s={search_term_string}"},"query-input":{"@type":"PropertyValueSpecification","valueRequired":true,"valueName":"search_term_string"}}],"inLanguage":"sv-SE"},{"@type":"Person","@id":"https:\/\/dhr.se\/ale\/#\/schema\/person\/8d0f7641846c3126e9e4fbf46d73e29d","name":"aledhr","image":{"@type":"ImageObject","inLanguage":"sv-SE","@id":"https:\/\/secure.gravatar.com\/avatar\/48f16a459c4a6e72f0ea22b5be34ce5d56b7dea9c73b9cb091a436e60d4875b6?s=96&d=mm&r=g","url":"https:\/\/secure.gravatar.com\/avatar\/48f16a459c4a6e72f0ea22b5be34ce5d56b7dea9c73b9cb091a436e60d4875b6?s=96&d=mm&r=g","contentUrl":"https:\/\/secure.gravatar.com\/avatar\/48f16a459c4a6e72f0ea22b5be34ce5d56b7dea9c73b9cb091a436e60d4875b6?s=96&d=mm&r=g","caption":"aledhr"},"url":"https:\/\/dhr.se\/ale\/author\/aledhr\/"}]}},"publishpress_future_action":{"enabled":false,"date":"2026-09-07 16:33:18","action":"change-status","newStatus":"draft","terms":[],"taxonomy":"category","extraData":[]},"publishpress_future_workflow_manual_trigger":{"enabledWorkflows":[]},"_links":{"self":[{"href":"https:\/\/dhr.se\/ale\/wp-json\/wp\/v2\/posts\/3151","targetHints":{"allow":["GET"]}}],"collection":[{"href":"https:\/\/dhr.se\/ale\/wp-json\/wp\/v2\/posts"}],"about":[{"href":"https:\/\/dhr.se\/ale\/wp-json\/wp\/v2\/types\/post"}],"author":[{"embeddable":true,"href":"https:\/\/dhr.se\/ale\/wp-json\/wp\/v2\/users\/43"}],"replies":[{"embeddable":true,"href":"https:\/\/dhr.se\/ale\/wp-json\/wp\/v2\/comments?post=3151"}],"version-history":[{"count":2,"href":"https:\/\/dhr.se\/ale\/wp-json\/wp\/v2\/posts\/3151\/revisions"}],"predecessor-version":[{"id":3156,"href":"https:\/\/dhr.se\/ale\/wp-json\/wp\/v2\/posts\/3151\/revisions\/3156"}],"wp:featuredmedia":[{"embeddable":true,"href":"https:\/\/dhr.se\/ale\/wp-json\/wp\/v2\/media\/3153"}],"wp:attachment":[{"href":"https:\/\/dhr.se\/ale\/wp-json\/wp\/v2\/media?parent=3151"}],"wp:term":[{"taxonomy":"category","embeddable":true,"href":"https:\/\/dhr.se\/ale\/wp-json\/wp\/v2\/categories?post=3151"},{"taxonomy":"post_tag","embeddable":true,"href":"https:\/\/dhr.se\/ale\/wp-json\/wp\/v2\/tags?post=3151"}],"curies":[{"name":"wp","href":"https:\/\/api.w.org\/{rel}","templated":true}]}}