{"id":2168,"date":"2020-06-09T10:23:42","date_gmt":"2020-06-09T08:23:42","guid":{"rendered":"http:\/\/dhr.se\/boden\/?p=2168"},"modified":"2021-04-15T10:46:24","modified_gmt":"2021-04-15T08:46:24","slug":"nyhet","status":"publish","type":"post","link":"https:\/\/dhr.se\/boden\/nyhet\/","title":{"rendered":"Lyssna p\u00e5 v\u00e5r podd"},"content":{"rendered":"\n<figure class=\"wp-block-image\"><img decoding=\"async\" src=\"http:\/\/dhr.se\/boden\/wp-content\/uploads\/sites\/38\/2020\/06\/Karro-Janna-poddbild-2020-1024x926.jpg\" alt=\"\" class=\"wp-image-2162\"\/><\/figure>\n\n\n\n<p><\/p>\n\n\n\n<p>Det ingen brukar prata om n\u00e4r det handlar om funktionsneds\u00e4ttningar och de m\u00e4nniskor det handlar om &#8211; just det pratar Karro och Janna fr\u00e5n DHR om i podden Hur t\u00e4nkte ni nu? Med humor och allvar ifr\u00e5gas\u00e4tter vi funktionshinderr\u00f6relsen, oss sj\u00e4lva, samh\u00e4llet och &#8211; ja, det mesta. <\/p>\n\n\n\n<p><strong><a rel=\"noreferrer noopener\" aria-label=\"H\u00e4r finns alla avsnitt (\u00f6ppnas i en ny flik)\" href=\"https:\/\/soundcloud.com\/user-152045771\" target=\"_blank\">H\u00e4r finns alla avsnitt<\/a><\/strong><\/p>\n\n\n\n<p><\/p>\n","protected":false},"excerpt":{"rendered":"<p>Det ingen brukar prata om n\u00e4r det handlar om funktionsneds\u00e4ttningar och de m\u00e4nniskor det handlar om &#8211; just det pratar Karro och Janna fr\u00e5n DHR om i podden Hur t\u00e4nkte ni nu? Med humor och allvar ifr\u00e5gas\u00e4tter vi funktionshinderr\u00f6relsen, oss[&hellip;]<\/p>\n","protected":false},"author":8,"featured_media":0,"comment_status":"closed","ping_status":"open","sticky":false,"template":"","format":"standard","meta":{"_acf_changed":false,"_monsterinsights_skip_tracking":false,"_monsterinsights_sitenote_active":false,"_monsterinsights_sitenote_note":"","_monsterinsights_sitenote_category":0,"footnotes":""},"categories":[1],"tags":[],"class_list":["post-2168","post","type-post","status-publish","format-standard","hentry","category-okategoriserad"],"acf":[],"yoast_head":"<!-- This site is optimized with the Yoast SEO plugin v27.5 - https:\/\/yoast.com\/product\/yoast-seo-wordpress\/ -->\n<title>Lyssna p\u00e5 v\u00e5r podd - DHR - Boden<\/title>\n<meta name=\"robots\" content=\"index, follow, max-snippet:-1, max-image-preview:large, max-video-preview:-1\" \/>\n<link rel=\"canonical\" href=\"https:\/\/dhr.se\/boden\/nyhet\/\" \/>\n<meta property=\"og:locale\" content=\"sv_SE\" \/>\n<meta property=\"og:type\" content=\"article\" \/>\n<meta property=\"og:title\" content=\"Lyssna p\u00e5 v\u00e5r podd - DHR - Boden\" \/>\n<meta property=\"og:description\" content=\"Det ingen brukar prata om n\u00e4r det handlar om funktionsneds\u00e4ttningar och de m\u00e4nniskor det handlar om &#8211; just det pratar Karro och Janna fr\u00e5n DHR om i podden Hur t\u00e4nkte ni nu? Med humor och allvar ifr\u00e5gas\u00e4tter vi funktionshinderr\u00f6relsen, oss[&hellip;]\" \/>\n<meta property=\"og:url\" content=\"https:\/\/dhr.se\/boden\/nyhet\/\" \/>\n<meta property=\"og:site_name\" content=\"DHR - Boden\" \/>\n<meta property=\"article:published_time\" content=\"2020-06-09T08:23:42+00:00\" \/>\n<meta property=\"article:modified_time\" content=\"2021-04-15T08:46:24+00:00\" \/>\n<meta property=\"og:image\" content=\"https:\/\/dhr.se\/boden\/wp-content\/uploads\/sites\/38\/2020\/06\/Karro-Janna-poddbild-2020.jpg\" \/>\n\t<meta property=\"og:image:width\" content=\"2000\" \/>\n\t<meta property=\"og:image:height\" content=\"1809\" \/>\n\t<meta property=\"og:image:type\" content=\"image\/jpeg\" \/>\n<meta name=\"author\" content=\"umea\" \/>\n<meta name=\"twitter:card\" content=\"summary_large_image\" \/>\n<meta name=\"twitter:label1\" content=\"Skriven av\" \/>\n\t<meta name=\"twitter:data1\" content=\"umea\" \/>\n\t<meta name=\"twitter:label2\" content=\"Ber\u00e4knad l\u00e4stid\" \/>\n\t<meta name=\"twitter:data2\" content=\"1 minut\" \/>\n<script type=\"application\/ld+json\" class=\"yoast-schema-graph\">{\"@context\":\"https:\\\/\\\/schema.org\",\"@graph\":[{\"@type\":\"Article\",\"@id\":\"https:\\\/\\\/dhr.se\\\/boden\\\/nyhet\\\/#article\",\"isPartOf\":{\"@id\":\"https:\\\/\\\/dhr.se\\\/boden\\\/nyhet\\\/\"},\"author\":{\"name\":\"umea\",\"@id\":\"https:\\\/\\\/dhr.se\\\/boden\\\/#\\\/schema\\\/person\\\/50a8e69e1d07adc2fe825595f0f34ad6\"},\"headline\":\"Lyssna p\u00e5 v\u00e5r podd\",\"datePublished\":\"2020-06-09T08:23:42+00:00\",\"dateModified\":\"2021-04-15T08:46:24+00:00\",\"mainEntityOfPage\":{\"@id\":\"https:\\\/\\\/dhr.se\\\/boden\\\/nyhet\\\/\"},\"wordCount\":67,\"image\":{\"@id\":\"https:\\\/\\\/dhr.se\\\/boden\\\/nyhet\\\/#primaryimage\"},\"thumbnailUrl\":\"http:\\\/\\\/dhr.se\\\/boden\\\/wp-content\\\/uploads\\\/sites\\\/38\\\/2020\\\/06\\\/Karro-Janna-poddbild-2020-1024x926.jpg\",\"articleSection\":[\"Okategoriserad\"],\"inLanguage\":\"sv-SE\"},{\"@type\":\"WebPage\",\"@id\":\"https:\\\/\\\/dhr.se\\\/boden\\\/nyhet\\\/\",\"url\":\"https:\\\/\\\/dhr.se\\\/boden\\\/nyhet\\\/\",\"name\":\"Lyssna p\u00e5 v\u00e5r podd - DHR - Boden\",\"isPartOf\":{\"@id\":\"https:\\\/\\\/dhr.se\\\/boden\\\/#website\"},\"primaryImageOfPage\":{\"@id\":\"https:\\\/\\\/dhr.se\\\/boden\\\/nyhet\\\/#primaryimage\"},\"image\":{\"@id\":\"https:\\\/\\\/dhr.se\\\/boden\\\/nyhet\\\/#primaryimage\"},\"thumbnailUrl\":\"http:\\\/\\\/dhr.se\\\/boden\\\/wp-content\\\/uploads\\\/sites\\\/38\\\/2020\\\/06\\\/Karro-Janna-poddbild-2020-1024x926.jpg\",\"datePublished\":\"2020-06-09T08:23:42+00:00\",\"dateModified\":\"2021-04-15T08:46:24+00:00\",\"author\":{\"@id\":\"https:\\\/\\\/dhr.se\\\/boden\\\/#\\\/schema\\\/person\\\/50a8e69e1d07adc2fe825595f0f34ad6\"},\"breadcrumb\":{\"@id\":\"https:\\\/\\\/dhr.se\\\/boden\\\/nyhet\\\/#breadcrumb\"},\"inLanguage\":\"sv-SE\",\"potentialAction\":[{\"@type\":\"ReadAction\",\"target\":[\"https:\\\/\\\/dhr.se\\\/boden\\\/nyhet\\\/\"]}]},{\"@type\":\"ImageObject\",\"inLanguage\":\"sv-SE\",\"@id\":\"https:\\\/\\\/dhr.se\\\/boden\\\/nyhet\\\/#primaryimage\",\"url\":\"https:\\\/\\\/dhr.se\\\/boden\\\/wp-content\\\/uploads\\\/sites\\\/38\\\/2020\\\/06\\\/Karro-Janna-poddbild-2020.jpg\",\"contentUrl\":\"https:\\\/\\\/dhr.se\\\/boden\\\/wp-content\\\/uploads\\\/sites\\\/38\\\/2020\\\/06\\\/Karro-Janna-poddbild-2020.jpg\",\"width\":2000,\"height\":1809,\"caption\":\"Tv\u00e5 skrattande kvinnor.\"},{\"@type\":\"BreadcrumbList\",\"@id\":\"https:\\\/\\\/dhr.se\\\/boden\\\/nyhet\\\/#breadcrumb\",\"itemListElement\":[{\"@type\":\"ListItem\",\"position\":1,\"name\":\"Hem\",\"item\":\"https:\\\/\\\/dhr.se\\\/boden\\\/\"},{\"@type\":\"ListItem\",\"position\":2,\"name\":\"Lyssna p\u00e5 v\u00e5r podd\"}]},{\"@type\":\"WebSite\",\"@id\":\"https:\\\/\\\/dhr.se\\\/boden\\\/#website\",\"url\":\"https:\\\/\\\/dhr.se\\\/boden\\\/\",\"name\":\"DHR - Boden\",\"description\":\"Delaktighet, r\u00f6relsefrihet och handlingskraft\",\"potentialAction\":[{\"@type\":\"SearchAction\",\"target\":{\"@type\":\"EntryPoint\",\"urlTemplate\":\"https:\\\/\\\/dhr.se\\\/boden\\\/?s={search_term_string}\"},\"query-input\":{\"@type\":\"PropertyValueSpecification\",\"valueRequired\":true,\"valueName\":\"search_term_string\"}}],\"inLanguage\":\"sv-SE\"},{\"@type\":\"Person\",\"@id\":\"https:\\\/\\\/dhr.se\\\/boden\\\/#\\\/schema\\\/person\\\/50a8e69e1d07adc2fe825595f0f34ad6\",\"name\":\"umea\",\"image\":{\"@type\":\"ImageObject\",\"inLanguage\":\"sv-SE\",\"@id\":\"https:\\\/\\\/secure.gravatar.com\\\/avatar\\\/8275a5483835fcee8513df21a366166ec536087051131946fee4882661b78845?s=96&d=mm&r=g\",\"url\":\"https:\\\/\\\/secure.gravatar.com\\\/avatar\\\/8275a5483835fcee8513df21a366166ec536087051131946fee4882661b78845?s=96&d=mm&r=g\",\"contentUrl\":\"https:\\\/\\\/secure.gravatar.com\\\/avatar\\\/8275a5483835fcee8513df21a366166ec536087051131946fee4882661b78845?s=96&d=mm&r=g\",\"caption\":\"umea\"},\"url\":\"https:\\\/\\\/dhr.se\\\/boden\\\/author\\\/umea\\\/\"}]}<\/script>\n<!-- \/ Yoast SEO plugin. -->","yoast_head_json":{"title":"Lyssna p\u00e5 v\u00e5r podd - DHR - Boden","robots":{"index":"index","follow":"follow","max-snippet":"max-snippet:-1","max-image-preview":"max-image-preview:large","max-video-preview":"max-video-preview:-1"},"canonical":"https:\/\/dhr.se\/boden\/nyhet\/","og_locale":"sv_SE","og_type":"article","og_title":"Lyssna p\u00e5 v\u00e5r podd - DHR - Boden","og_description":"Det ingen brukar prata om n\u00e4r det handlar om funktionsneds\u00e4ttningar och de m\u00e4nniskor det handlar om &#8211; just det pratar Karro och Janna fr\u00e5n DHR om i podden Hur t\u00e4nkte ni nu? Med humor och allvar ifr\u00e5gas\u00e4tter vi funktionshinderr\u00f6relsen, oss[&hellip;]","og_url":"https:\/\/dhr.se\/boden\/nyhet\/","og_site_name":"DHR - Boden","article_published_time":"2020-06-09T08:23:42+00:00","article_modified_time":"2021-04-15T08:46:24+00:00","og_image":[{"width":2000,"height":1809,"url":"https:\/\/dhr.se\/boden\/wp-content\/uploads\/sites\/38\/2020\/06\/Karro-Janna-poddbild-2020.jpg","type":"image\/jpeg"}],"author":"umea","twitter_card":"summary_large_image","twitter_misc":{"Skriven av":"umea","Ber\u00e4knad l\u00e4stid":"1 minut"},"schema":{"@context":"https:\/\/schema.org","@graph":[{"@type":"Article","@id":"https:\/\/dhr.se\/boden\/nyhet\/#article","isPartOf":{"@id":"https:\/\/dhr.se\/boden\/nyhet\/"},"author":{"name":"umea","@id":"https:\/\/dhr.se\/boden\/#\/schema\/person\/50a8e69e1d07adc2fe825595f0f34ad6"},"headline":"Lyssna p\u00e5 v\u00e5r podd","datePublished":"2020-06-09T08:23:42+00:00","dateModified":"2021-04-15T08:46:24+00:00","mainEntityOfPage":{"@id":"https:\/\/dhr.se\/boden\/nyhet\/"},"wordCount":67,"image":{"@id":"https:\/\/dhr.se\/boden\/nyhet\/#primaryimage"},"thumbnailUrl":"http:\/\/dhr.se\/boden\/wp-content\/uploads\/sites\/38\/2020\/06\/Karro-Janna-poddbild-2020-1024x926.jpg","articleSection":["Okategoriserad"],"inLanguage":"sv-SE"},{"@type":"WebPage","@id":"https:\/\/dhr.se\/boden\/nyhet\/","url":"https:\/\/dhr.se\/boden\/nyhet\/","name":"Lyssna p\u00e5 v\u00e5r podd - DHR - Boden","isPartOf":{"@id":"https:\/\/dhr.se\/boden\/#website"},"primaryImageOfPage":{"@id":"https:\/\/dhr.se\/boden\/nyhet\/#primaryimage"},"image":{"@id":"https:\/\/dhr.se\/boden\/nyhet\/#primaryimage"},"thumbnailUrl":"http:\/\/dhr.se\/boden\/wp-content\/uploads\/sites\/38\/2020\/06\/Karro-Janna-poddbild-2020-1024x926.jpg","datePublished":"2020-06-09T08:23:42+00:00","dateModified":"2021-04-15T08:46:24+00:00","author":{"@id":"https:\/\/dhr.se\/boden\/#\/schema\/person\/50a8e69e1d07adc2fe825595f0f34ad6"},"breadcrumb":{"@id":"https:\/\/dhr.se\/boden\/nyhet\/#breadcrumb"},"inLanguage":"sv-SE","potentialAction":[{"@type":"ReadAction","target":["https:\/\/dhr.se\/boden\/nyhet\/"]}]},{"@type":"ImageObject","inLanguage":"sv-SE","@id":"https:\/\/dhr.se\/boden\/nyhet\/#primaryimage","url":"https:\/\/dhr.se\/boden\/wp-content\/uploads\/sites\/38\/2020\/06\/Karro-Janna-poddbild-2020.jpg","contentUrl":"https:\/\/dhr.se\/boden\/wp-content\/uploads\/sites\/38\/2020\/06\/Karro-Janna-poddbild-2020.jpg","width":2000,"height":1809,"caption":"Tv\u00e5 skrattande kvinnor."},{"@type":"BreadcrumbList","@id":"https:\/\/dhr.se\/boden\/nyhet\/#breadcrumb","itemListElement":[{"@type":"ListItem","position":1,"name":"Hem","item":"https:\/\/dhr.se\/boden\/"},{"@type":"ListItem","position":2,"name":"Lyssna p\u00e5 v\u00e5r podd"}]},{"@type":"WebSite","@id":"https:\/\/dhr.se\/boden\/#website","url":"https:\/\/dhr.se\/boden\/","name":"DHR - Boden","description":"Delaktighet, r\u00f6relsefrihet och handlingskraft","potentialAction":[{"@type":"SearchAction","target":{"@type":"EntryPoint","urlTemplate":"https:\/\/dhr.se\/boden\/?s={search_term_string}"},"query-input":{"@type":"PropertyValueSpecification","valueRequired":true,"valueName":"search_term_string"}}],"inLanguage":"sv-SE"},{"@type":"Person","@id":"https:\/\/dhr.se\/boden\/#\/schema\/person\/50a8e69e1d07adc2fe825595f0f34ad6","name":"umea","image":{"@type":"ImageObject","inLanguage":"sv-SE","@id":"https:\/\/secure.gravatar.com\/avatar\/8275a5483835fcee8513df21a366166ec536087051131946fee4882661b78845?s=96&d=mm&r=g","url":"https:\/\/secure.gravatar.com\/avatar\/8275a5483835fcee8513df21a366166ec536087051131946fee4882661b78845?s=96&d=mm&r=g","contentUrl":"https:\/\/secure.gravatar.com\/avatar\/8275a5483835fcee8513df21a366166ec536087051131946fee4882661b78845?s=96&d=mm&r=g","caption":"umea"},"url":"https:\/\/dhr.se\/boden\/author\/umea\/"}]}},"publishpress_future_action":{"enabled":false,"date":"2026-05-09 09:06:47","action":"change-status","newStatus":"draft","terms":[],"taxonomy":"category","extraData":[]},"publishpress_future_workflow_manual_trigger":{"enabledWorkflows":[]},"_links":{"self":[{"href":"https:\/\/dhr.se\/boden\/wp-json\/wp\/v2\/posts\/2168","targetHints":{"allow":["GET"]}}],"collection":[{"href":"https:\/\/dhr.se\/boden\/wp-json\/wp\/v2\/posts"}],"about":[{"href":"https:\/\/dhr.se\/boden\/wp-json\/wp\/v2\/types\/post"}],"author":[{"embeddable":true,"href":"https:\/\/dhr.se\/boden\/wp-json\/wp\/v2\/users\/8"}],"replies":[{"embeddable":true,"href":"https:\/\/dhr.se\/boden\/wp-json\/wp\/v2\/comments?post=2168"}],"version-history":[{"count":0,"href":"https:\/\/dhr.se\/boden\/wp-json\/wp\/v2\/posts\/2168\/revisions"}],"wp:attachment":[{"href":"https:\/\/dhr.se\/boden\/wp-json\/wp\/v2\/media?parent=2168"}],"wp:term":[{"taxonomy":"category","embeddable":true,"href":"https:\/\/dhr.se\/boden\/wp-json\/wp\/v2\/categories?post=2168"},{"taxonomy":"post_tag","embeddable":true,"href":"https:\/\/dhr.se\/boden\/wp-json\/wp\/v2\/tags?post=2168"}],"curies":[{"name":"wp","href":"https:\/\/api.w.org\/{rel}","templated":true}]}}