{"id":1806,"date":"2020-03-18T17:49:24","date_gmt":"2020-03-18T16:49:24","guid":{"rendered":"http:\/\/dhr.se\/halland\/?p=1806"},"modified":"2021-09-20T12:35:05","modified_gmt":"2021-09-20T10:35:05","slug":"att-arbeta-ar-inte-det-lite-val-overskattat","status":"publish","type":"post","link":"https:\/\/dhr.se\/halland\/att-arbeta-ar-inte-det-lite-val-overskattat\/","title":{"rendered":"Nyheter fr\u00e5n F\u00f6rbundet"},"content":{"rendered":"<section class=\"block-simple-text\">\n    <div class=\"main\">\n        <div class=\"main-inner\">\n            <div class=\"ingress text-darker\"><p><a href=\"https:\/\/dhr.se\/nyheter\/\" target=\"_blank\" rel=\"noreferrer noopener\" aria-label=\"Nyheter fr\u00e5n f\u00f6rbundets hemsida (\u00f6ppnas i en ny flik)\">H\u00e4r<\/a>\u00a0kan du l\u00e4sa vad som h\u00e4nder inom f\u00f6rbundet.<\/p>\n<p>Fler nyheter finns p\u00e5 v\u00e5r\u00a0<a href=\"https:\/\/www.facebook.com\/dhrforbundet\/\" target=\"_blank\" rel=\"noreferrer noopener\" aria-label=\"Facebooksida (\u00f6ppnas i en ny flik)\">Facebooksida<\/a>.<\/p>\n<p><a href=\"https:\/\/dhr.se\/vad-vi-gor\/dhr-i-media\/\">DHR i Media<\/a><\/p>\n<\/div>\n            <div class=\"content\"><\/div>\n        <\/div>\n    <\/div>\n<\/section>","protected":false},"excerpt":{"rendered":"","protected":false},"author":1,"featured_media":0,"comment_status":"closed","ping_status":"open","sticky":false,"template":"","format":"standard","meta":{"_acf_changed":false,"_monsterinsights_skip_tracking":false,"_monsterinsights_sitenote_active":false,"_monsterinsights_sitenote_note":"","_monsterinsights_sitenote_category":0,"footnotes":""},"categories":[1],"tags":[],"class_list":["post-1806","post","type-post","status-publish","format-standard","hentry","category-okategoriserad"],"acf":[],"yoast_head":"<!-- This site is optimized with the Yoast SEO plugin v27.2 - https:\/\/yoast.com\/product\/yoast-seo-wordpress\/ -->\n<title>Nyheter fr\u00e5n F\u00f6rbundet - DHR - Region Halland<\/title>\n<meta name=\"robots\" content=\"index, follow, max-snippet:-1, max-image-preview:large, max-video-preview:-1\" \/>\n<link rel=\"canonical\" href=\"https:\/\/dhr.se\/halland\/att-arbeta-ar-inte-det-lite-val-overskattat\/\" \/>\n<meta property=\"og:locale\" content=\"sv_SE\" \/>\n<meta property=\"og:type\" content=\"article\" \/>\n<meta property=\"og:title\" content=\"Nyheter fr\u00e5n F\u00f6rbundet - DHR - Region Halland\" \/>\n<meta property=\"og:url\" content=\"https:\/\/dhr.se\/halland\/att-arbeta-ar-inte-det-lite-val-overskattat\/\" \/>\n<meta property=\"og:site_name\" content=\"DHR - Region Halland\" \/>\n<meta property=\"article:published_time\" content=\"2020-03-18T16:49:24+00:00\" \/>\n<meta property=\"article:modified_time\" content=\"2021-09-20T10:35:05+00:00\" \/>\n<meta name=\"twitter:card\" content=\"summary_large_image\" \/>\n<meta name=\"twitter:label1\" content=\"Skriven av\" \/>\n\t<meta name=\"twitter:data1\" content=\"\" \/>\n<script type=\"application\/ld+json\" class=\"yoast-schema-graph\">{\"@context\":\"https:\/\/schema.org\",\"@graph\":[{\"@type\":\"Article\",\"@id\":\"https:\/\/dhr.se\/halland\/att-arbeta-ar-inte-det-lite-val-overskattat\/#article\",\"isPartOf\":{\"@id\":\"https:\/\/dhr.se\/halland\/att-arbeta-ar-inte-det-lite-val-overskattat\/\"},\"author\":{\"name\":\"\",\"@id\":\"\"},\"headline\":\"Nyheter fr\u00e5n F\u00f6rbundet\",\"datePublished\":\"2020-03-18T16:49:24+00:00\",\"dateModified\":\"2021-09-20T10:35:05+00:00\",\"mainEntityOfPage\":{\"@id\":\"https:\/\/dhr.se\/halland\/att-arbeta-ar-inte-det-lite-val-overskattat\/\"},\"wordCount\":5,\"articleSection\":[\"Okategoriserad\"],\"inLanguage\":\"sv-SE\"},{\"@type\":\"WebPage\",\"@id\":\"https:\/\/dhr.se\/halland\/att-arbeta-ar-inte-det-lite-val-overskattat\/\",\"url\":\"https:\/\/dhr.se\/halland\/att-arbeta-ar-inte-det-lite-val-overskattat\/\",\"name\":\"Nyheter fr\u00e5n F\u00f6rbundet - DHR - Region Halland\",\"isPartOf\":{\"@id\":\"https:\/\/dhr.se\/halland\/#website\"},\"datePublished\":\"2020-03-18T16:49:24+00:00\",\"dateModified\":\"2021-09-20T10:35:05+00:00\",\"author\":{\"@id\":\"\"},\"breadcrumb\":{\"@id\":\"https:\/\/dhr.se\/halland\/att-arbeta-ar-inte-det-lite-val-overskattat\/#breadcrumb\"},\"inLanguage\":\"sv-SE\",\"potentialAction\":[{\"@type\":\"ReadAction\",\"target\":[\"https:\/\/dhr.se\/halland\/att-arbeta-ar-inte-det-lite-val-overskattat\/\"]}]},{\"@type\":\"BreadcrumbList\",\"@id\":\"https:\/\/dhr.se\/halland\/att-arbeta-ar-inte-det-lite-val-overskattat\/#breadcrumb\",\"itemListElement\":[{\"@type\":\"ListItem\",\"position\":1,\"name\":\"Hem\",\"item\":\"https:\/\/dhr.se\/halland\/\"},{\"@type\":\"ListItem\",\"position\":2,\"name\":\"Nyheter fr\u00e5n F\u00f6rbundet\"}]},{\"@type\":\"WebSite\",\"@id\":\"https:\/\/dhr.se\/halland\/#website\",\"url\":\"https:\/\/dhr.se\/halland\/\",\"name\":\"DHR - Region Halland\",\"description\":\"Delaktighet, r\u00f6relsefrihet och handlingskraft\",\"potentialAction\":[{\"@type\":\"SearchAction\",\"target\":{\"@type\":\"EntryPoint\",\"urlTemplate\":\"https:\/\/dhr.se\/halland\/?s={search_term_string}\"},\"query-input\":{\"@type\":\"PropertyValueSpecification\",\"valueRequired\":true,\"valueName\":\"search_term_string\"}}],\"inLanguage\":\"sv-SE\"},{\"@type\":\"Person\",\"@id\":\"\",\"url\":\"https:\/\/dhr.se\/halland\/author\/\"}]}<\/script>\n<!-- \/ Yoast SEO plugin. -->","yoast_head_json":{"title":"Nyheter fr\u00e5n F\u00f6rbundet - DHR - Region Halland","robots":{"index":"index","follow":"follow","max-snippet":"max-snippet:-1","max-image-preview":"max-image-preview:large","max-video-preview":"max-video-preview:-1"},"canonical":"https:\/\/dhr.se\/halland\/att-arbeta-ar-inte-det-lite-val-overskattat\/","og_locale":"sv_SE","og_type":"article","og_title":"Nyheter fr\u00e5n F\u00f6rbundet - DHR - Region Halland","og_url":"https:\/\/dhr.se\/halland\/att-arbeta-ar-inte-det-lite-val-overskattat\/","og_site_name":"DHR - Region Halland","article_published_time":"2020-03-18T16:49:24+00:00","article_modified_time":"2021-09-20T10:35:05+00:00","twitter_card":"summary_large_image","twitter_misc":{"Skriven av":""},"schema":{"@context":"https:\/\/schema.org","@graph":[{"@type":"Article","@id":"https:\/\/dhr.se\/halland\/att-arbeta-ar-inte-det-lite-val-overskattat\/#article","isPartOf":{"@id":"https:\/\/dhr.se\/halland\/att-arbeta-ar-inte-det-lite-val-overskattat\/"},"author":{"name":"","@id":""},"headline":"Nyheter fr\u00e5n F\u00f6rbundet","datePublished":"2020-03-18T16:49:24+00:00","dateModified":"2021-09-20T10:35:05+00:00","mainEntityOfPage":{"@id":"https:\/\/dhr.se\/halland\/att-arbeta-ar-inte-det-lite-val-overskattat\/"},"wordCount":5,"articleSection":["Okategoriserad"],"inLanguage":"sv-SE"},{"@type":"WebPage","@id":"https:\/\/dhr.se\/halland\/att-arbeta-ar-inte-det-lite-val-overskattat\/","url":"https:\/\/dhr.se\/halland\/att-arbeta-ar-inte-det-lite-val-overskattat\/","name":"Nyheter fr\u00e5n F\u00f6rbundet - DHR - Region Halland","isPartOf":{"@id":"https:\/\/dhr.se\/halland\/#website"},"datePublished":"2020-03-18T16:49:24+00:00","dateModified":"2021-09-20T10:35:05+00:00","author":{"@id":""},"breadcrumb":{"@id":"https:\/\/dhr.se\/halland\/att-arbeta-ar-inte-det-lite-val-overskattat\/#breadcrumb"},"inLanguage":"sv-SE","potentialAction":[{"@type":"ReadAction","target":["https:\/\/dhr.se\/halland\/att-arbeta-ar-inte-det-lite-val-overskattat\/"]}]},{"@type":"BreadcrumbList","@id":"https:\/\/dhr.se\/halland\/att-arbeta-ar-inte-det-lite-val-overskattat\/#breadcrumb","itemListElement":[{"@type":"ListItem","position":1,"name":"Hem","item":"https:\/\/dhr.se\/halland\/"},{"@type":"ListItem","position":2,"name":"Nyheter fr\u00e5n F\u00f6rbundet"}]},{"@type":"WebSite","@id":"https:\/\/dhr.se\/halland\/#website","url":"https:\/\/dhr.se\/halland\/","name":"DHR - Region Halland","description":"Delaktighet, r\u00f6relsefrihet och handlingskraft","potentialAction":[{"@type":"SearchAction","target":{"@type":"EntryPoint","urlTemplate":"https:\/\/dhr.se\/halland\/?s={search_term_string}"},"query-input":{"@type":"PropertyValueSpecification","valueRequired":true,"valueName":"search_term_string"}}],"inLanguage":"sv-SE"},{"@type":"Person","@id":"","url":"https:\/\/dhr.se\/halland\/author\/"}]}},"publishpress_future_action":{"enabled":false,"date":"2026-05-04 03:19:14","action":"change-status","newStatus":"draft","terms":[],"taxonomy":"category","extraData":[]},"publishpress_future_workflow_manual_trigger":{"enabledWorkflows":[]},"_links":{"self":[{"href":"https:\/\/dhr.se\/halland\/wp-json\/wp\/v2\/posts\/1806","targetHints":{"allow":["GET"]}}],"collection":[{"href":"https:\/\/dhr.se\/halland\/wp-json\/wp\/v2\/posts"}],"about":[{"href":"https:\/\/dhr.se\/halland\/wp-json\/wp\/v2\/types\/post"}],"author":[{"embeddable":true,"href":"https:\/\/dhr.se\/halland\/wp-json\/wp\/v2\/users\/1"}],"replies":[{"embeddable":true,"href":"https:\/\/dhr.se\/halland\/wp-json\/wp\/v2\/comments?post=1806"}],"version-history":[{"count":0,"href":"https:\/\/dhr.se\/halland\/wp-json\/wp\/v2\/posts\/1806\/revisions"}],"wp:attachment":[{"href":"https:\/\/dhr.se\/halland\/wp-json\/wp\/v2\/media?parent=1806"}],"wp:term":[{"taxonomy":"category","embeddable":true,"href":"https:\/\/dhr.se\/halland\/wp-json\/wp\/v2\/categories?post=1806"},{"taxonomy":"post_tag","embeddable":true,"href":"https:\/\/dhr.se\/halland\/wp-json\/wp\/v2\/tags?post=1806"}],"curies":[{"name":"wp","href":"https:\/\/api.w.org\/{rel}","templated":true}]}}