{"id":5085,"date":"2024-07-23T21:32:14","date_gmt":"2024-07-23T19:32:14","guid":{"rendered":"https:\/\/dhr.se\/halland\/?p=5085"},"modified":"2025-09-21T20:25:38","modified_gmt":"2025-09-21T18:25:38","slug":"hjarnan-i-centrum","status":"publish","type":"post","link":"https:\/\/dhr.se\/halland\/hjarnan-i-centrum\/","title":{"rendered":"Hj\u00e4rnan i Centrum den 20\/9-25"},"content":{"rendered":"<section class=\"block-one-two\">\n    <div class=\"main\">\n        <div class=\"main-inner\">\n        <h2><\/h2>\n\n            <div class=\"flex-container\">\n                <div class=\"col-small\">\n                    <div class=\"content\"><\/div>\n                <\/div>\n                <div class=\"col-big\">\n                    <div class=\"content\"><p><a href=\"https:\/\/dhr.se\/halland\/wp-content\/uploads\/sites\/13\/2024\/07\/Hjarnan-i-Centrum-\u2013-Hela-livet-Inbjudan-forening.pdf\"><strong>M\u00e4ssa<\/strong><\/a><\/p>\n<p>Halmstad Arena<br \/>\nL\u00f6rdagen den 20\/9 kl. 10 \u2013 16<\/p>\n<p>DHR Halland deltog i Hj\u00e4rnan i Centrum-hela livet p\u00e5 Halmstad Arena<\/p>\n<p>Med utst\u00e4llning och Prova-p\u00e5 Rullstolsslalom.<\/p>\n<p>My Gustafsson f\u00f6rel\u00e4ste om att inte bara \u00f6verleva.<\/p>\n<figure id=\"attachment_5238\" aria-describedby=\"caption-attachment-5238\" style=\"width: 244px\" class=\"wp-caption alignnone\"><img loading=\"lazy\" decoding=\"async\" class=\"size-medium wp-image-5238\" src=\"https:\/\/dhr.se\/halland\/wp-content\/uploads\/sites\/13\/2024\/07\/1758477381203-244x300.jpg\" alt=\"V\u00e5r utst\u00e4llning\" width=\"244\" height=\"300\" srcset=\"https:\/\/dhr.se\/halland\/wp-content\/uploads\/sites\/13\/2024\/07\/1758477381203-244x300.jpg 244w, https:\/\/dhr.se\/halland\/wp-content\/uploads\/sites\/13\/2024\/07\/1758477381203-768x945.jpg 768w, https:\/\/dhr.se\/halland\/wp-content\/uploads\/sites\/13\/2024\/07\/1758477381203-50x62.jpg 50w, https:\/\/dhr.se\/halland\/wp-content\/uploads\/sites\/13\/2024\/07\/1758477381203.jpg 832w\" sizes=\"auto, (max-width: 244px) 100vw, 244px\" \/><figcaption id=\"caption-attachment-5238\" class=\"wp-caption-text\">Annie och Ing-Mari vid v\u00e5r utst\u00e4llning.<\/figcaption><\/figure>\n<p><img loading=\"lazy\" decoding=\"async\" class=\"alignnone size-medium wp-image-5240\" src=\"https:\/\/dhr.se\/halland\/wp-content\/uploads\/sites\/13\/2024\/07\/1758477389209-300x265.jpg\" alt=\"\" width=\"300\" height=\"265\" srcset=\"https:\/\/dhr.se\/halland\/wp-content\/uploads\/sites\/13\/2024\/07\/1758477389209-300x265.jpg 300w, https:\/\/dhr.se\/halland\/wp-content\/uploads\/sites\/13\/2024\/07\/1758477389209-768x680.jpg 768w, https:\/\/dhr.se\/halland\/wp-content\/uploads\/sites\/13\/2024\/07\/1758477389209-50x44.jpg 50w, https:\/\/dhr.se\/halland\/wp-content\/uploads\/sites\/13\/2024\/07\/1758477389209.jpg 1024w\" sizes=\"auto, (max-width: 300px) 100vw, 300px\" \/><\/p>\n<p>Hemsida:\u00a0 https:\/\/hjarnanicentrum.se\/<\/p>\n<\/div>\n                <\/div>\n            <\/div>\n            \n        <\/div>\n    <\/div>\n<\/section>","protected":false},"excerpt":{"rendered":"","protected":false},"author":33,"featured_media":0,"comment_status":"closed","ping_status":"open","sticky":false,"template":"","format":"standard","meta":{"_acf_changed":false,"_monsterinsights_skip_tracking":false,"_monsterinsights_sitenote_active":false,"_monsterinsights_sitenote_note":"","_monsterinsights_sitenote_category":0,"footnotes":""},"categories":[1],"tags":[],"class_list":["post-5085","post","type-post","status-publish","format-standard","hentry","category-okategoriserad"],"acf":[],"yoast_head":"<!-- This site is optimized with the Yoast SEO plugin v27.2 - https:\/\/yoast.com\/product\/yoast-seo-wordpress\/ -->\n<title>Hj\u00e4rnan i Centrum den 20\/9-25 - DHR - Region Halland<\/title>\n<meta name=\"robots\" content=\"index, follow, max-snippet:-1, max-image-preview:large, max-video-preview:-1\" \/>\n<link rel=\"canonical\" href=\"https:\/\/dhr.se\/halland\/hjarnan-i-centrum\/\" \/>\n<meta property=\"og:locale\" content=\"sv_SE\" \/>\n<meta property=\"og:type\" content=\"article\" \/>\n<meta property=\"og:title\" content=\"Hj\u00e4rnan i Centrum den 20\/9-25 - DHR - Region Halland\" \/>\n<meta property=\"og:url\" content=\"https:\/\/dhr.se\/halland\/hjarnan-i-centrum\/\" \/>\n<meta property=\"og:site_name\" content=\"DHR - Region Halland\" \/>\n<meta property=\"article:published_time\" content=\"2024-07-23T19:32:14+00:00\" \/>\n<meta property=\"article:modified_time\" content=\"2025-09-21T18:25:38+00:00\" \/>\n<meta name=\"author\" content=\"regionhalland\" \/>\n<meta name=\"twitter:card\" content=\"summary_large_image\" \/>\n<meta name=\"twitter:label1\" content=\"Skriven av\" \/>\n\t<meta name=\"twitter:data1\" content=\"regionhalland\" \/>\n<script type=\"application\/ld+json\" class=\"yoast-schema-graph\">{\"@context\":\"https:\/\/schema.org\",\"@graph\":[{\"@type\":\"Article\",\"@id\":\"https:\/\/dhr.se\/halland\/hjarnan-i-centrum\/#article\",\"isPartOf\":{\"@id\":\"https:\/\/dhr.se\/halland\/hjarnan-i-centrum\/\"},\"author\":{\"name\":\"regionhalland\",\"@id\":\"https:\/\/dhr.se\/halland\/#\/schema\/person\/7ea2e278a16152ca3d2d3f8ead2faefe\"},\"headline\":\"Hj\u00e4rnan i Centrum den 20\/9-25\",\"datePublished\":\"2024-07-23T19:32:14+00:00\",\"dateModified\":\"2025-09-21T18:25:38+00:00\",\"mainEntityOfPage\":{\"@id\":\"https:\/\/dhr.se\/halland\/hjarnan-i-centrum\/\"},\"wordCount\":6,\"articleSection\":[\"Okategoriserad\"],\"inLanguage\":\"sv-SE\"},{\"@type\":\"WebPage\",\"@id\":\"https:\/\/dhr.se\/halland\/hjarnan-i-centrum\/\",\"url\":\"https:\/\/dhr.se\/halland\/hjarnan-i-centrum\/\",\"name\":\"Hj\u00e4rnan i Centrum den 20\/9-25 - DHR - Region Halland\",\"isPartOf\":{\"@id\":\"https:\/\/dhr.se\/halland\/#website\"},\"datePublished\":\"2024-07-23T19:32:14+00:00\",\"dateModified\":\"2025-09-21T18:25:38+00:00\",\"author\":{\"@id\":\"https:\/\/dhr.se\/halland\/#\/schema\/person\/7ea2e278a16152ca3d2d3f8ead2faefe\"},\"breadcrumb\":{\"@id\":\"https:\/\/dhr.se\/halland\/hjarnan-i-centrum\/#breadcrumb\"},\"inLanguage\":\"sv-SE\",\"potentialAction\":[{\"@type\":\"ReadAction\",\"target\":[\"https:\/\/dhr.se\/halland\/hjarnan-i-centrum\/\"]}]},{\"@type\":\"BreadcrumbList\",\"@id\":\"https:\/\/dhr.se\/halland\/hjarnan-i-centrum\/#breadcrumb\",\"itemListElement\":[{\"@type\":\"ListItem\",\"position\":1,\"name\":\"Hem\",\"item\":\"https:\/\/dhr.se\/halland\/\"},{\"@type\":\"ListItem\",\"position\":2,\"name\":\"Hj\u00e4rnan i Centrum den 20\/9-25\"}]},{\"@type\":\"WebSite\",\"@id\":\"https:\/\/dhr.se\/halland\/#website\",\"url\":\"https:\/\/dhr.se\/halland\/\",\"name\":\"DHR - Region Halland\",\"description\":\"Delaktighet, r\u00f6relsefrihet och handlingskraft\",\"potentialAction\":[{\"@type\":\"SearchAction\",\"target\":{\"@type\":\"EntryPoint\",\"urlTemplate\":\"https:\/\/dhr.se\/halland\/?s={search_term_string}\"},\"query-input\":{\"@type\":\"PropertyValueSpecification\",\"valueRequired\":true,\"valueName\":\"search_term_string\"}}],\"inLanguage\":\"sv-SE\"},{\"@type\":\"Person\",\"@id\":\"https:\/\/dhr.se\/halland\/#\/schema\/person\/7ea2e278a16152ca3d2d3f8ead2faefe\",\"name\":\"regionhalland\",\"image\":{\"@type\":\"ImageObject\",\"inLanguage\":\"sv-SE\",\"@id\":\"https:\/\/secure.gravatar.com\/avatar\/5946fea4a9bebe49c6519db20134ef4223ea39adfd6c8135d8d8cdc6a6e36d4e?s=96&d=mm&r=g\",\"url\":\"https:\/\/secure.gravatar.com\/avatar\/5946fea4a9bebe49c6519db20134ef4223ea39adfd6c8135d8d8cdc6a6e36d4e?s=96&d=mm&r=g\",\"contentUrl\":\"https:\/\/secure.gravatar.com\/avatar\/5946fea4a9bebe49c6519db20134ef4223ea39adfd6c8135d8d8cdc6a6e36d4e?s=96&d=mm&r=g\",\"caption\":\"regionhalland\"},\"url\":\"https:\/\/dhr.se\/halland\/author\/regionhalland\/\"}]}<\/script>\n<!-- \/ Yoast SEO plugin. -->","yoast_head_json":{"title":"Hj\u00e4rnan i Centrum den 20\/9-25 - DHR - Region Halland","robots":{"index":"index","follow":"follow","max-snippet":"max-snippet:-1","max-image-preview":"max-image-preview:large","max-video-preview":"max-video-preview:-1"},"canonical":"https:\/\/dhr.se\/halland\/hjarnan-i-centrum\/","og_locale":"sv_SE","og_type":"article","og_title":"Hj\u00e4rnan i Centrum den 20\/9-25 - DHR - Region Halland","og_url":"https:\/\/dhr.se\/halland\/hjarnan-i-centrum\/","og_site_name":"DHR - Region Halland","article_published_time":"2024-07-23T19:32:14+00:00","article_modified_time":"2025-09-21T18:25:38+00:00","author":"regionhalland","twitter_card":"summary_large_image","twitter_misc":{"Skriven av":"regionhalland"},"schema":{"@context":"https:\/\/schema.org","@graph":[{"@type":"Article","@id":"https:\/\/dhr.se\/halland\/hjarnan-i-centrum\/#article","isPartOf":{"@id":"https:\/\/dhr.se\/halland\/hjarnan-i-centrum\/"},"author":{"name":"regionhalland","@id":"https:\/\/dhr.se\/halland\/#\/schema\/person\/7ea2e278a16152ca3d2d3f8ead2faefe"},"headline":"Hj\u00e4rnan i Centrum den 20\/9-25","datePublished":"2024-07-23T19:32:14+00:00","dateModified":"2025-09-21T18:25:38+00:00","mainEntityOfPage":{"@id":"https:\/\/dhr.se\/halland\/hjarnan-i-centrum\/"},"wordCount":6,"articleSection":["Okategoriserad"],"inLanguage":"sv-SE"},{"@type":"WebPage","@id":"https:\/\/dhr.se\/halland\/hjarnan-i-centrum\/","url":"https:\/\/dhr.se\/halland\/hjarnan-i-centrum\/","name":"Hj\u00e4rnan i Centrum den 20\/9-25 - DHR - Region Halland","isPartOf":{"@id":"https:\/\/dhr.se\/halland\/#website"},"datePublished":"2024-07-23T19:32:14+00:00","dateModified":"2025-09-21T18:25:38+00:00","author":{"@id":"https:\/\/dhr.se\/halland\/#\/schema\/person\/7ea2e278a16152ca3d2d3f8ead2faefe"},"breadcrumb":{"@id":"https:\/\/dhr.se\/halland\/hjarnan-i-centrum\/#breadcrumb"},"inLanguage":"sv-SE","potentialAction":[{"@type":"ReadAction","target":["https:\/\/dhr.se\/halland\/hjarnan-i-centrum\/"]}]},{"@type":"BreadcrumbList","@id":"https:\/\/dhr.se\/halland\/hjarnan-i-centrum\/#breadcrumb","itemListElement":[{"@type":"ListItem","position":1,"name":"Hem","item":"https:\/\/dhr.se\/halland\/"},{"@type":"ListItem","position":2,"name":"Hj\u00e4rnan i Centrum den 20\/9-25"}]},{"@type":"WebSite","@id":"https:\/\/dhr.se\/halland\/#website","url":"https:\/\/dhr.se\/halland\/","name":"DHR - Region Halland","description":"Delaktighet, r\u00f6relsefrihet och handlingskraft","potentialAction":[{"@type":"SearchAction","target":{"@type":"EntryPoint","urlTemplate":"https:\/\/dhr.se\/halland\/?s={search_term_string}"},"query-input":{"@type":"PropertyValueSpecification","valueRequired":true,"valueName":"search_term_string"}}],"inLanguage":"sv-SE"},{"@type":"Person","@id":"https:\/\/dhr.se\/halland\/#\/schema\/person\/7ea2e278a16152ca3d2d3f8ead2faefe","name":"regionhalland","image":{"@type":"ImageObject","inLanguage":"sv-SE","@id":"https:\/\/secure.gravatar.com\/avatar\/5946fea4a9bebe49c6519db20134ef4223ea39adfd6c8135d8d8cdc6a6e36d4e?s=96&d=mm&r=g","url":"https:\/\/secure.gravatar.com\/avatar\/5946fea4a9bebe49c6519db20134ef4223ea39adfd6c8135d8d8cdc6a6e36d4e?s=96&d=mm&r=g","contentUrl":"https:\/\/secure.gravatar.com\/avatar\/5946fea4a9bebe49c6519db20134ef4223ea39adfd6c8135d8d8cdc6a6e36d4e?s=96&d=mm&r=g","caption":"regionhalland"},"url":"https:\/\/dhr.se\/halland\/author\/regionhalland\/"}]}},"publishpress_future_action":{"enabled":false,"date":"2026-05-04 03:22:39","action":"change-status","newStatus":"draft","terms":[],"taxonomy":"category","extraData":[]},"publishpress_future_workflow_manual_trigger":{"enabledWorkflows":[]},"_links":{"self":[{"href":"https:\/\/dhr.se\/halland\/wp-json\/wp\/v2\/posts\/5085","targetHints":{"allow":["GET"]}}],"collection":[{"href":"https:\/\/dhr.se\/halland\/wp-json\/wp\/v2\/posts"}],"about":[{"href":"https:\/\/dhr.se\/halland\/wp-json\/wp\/v2\/types\/post"}],"author":[{"embeddable":true,"href":"https:\/\/dhr.se\/halland\/wp-json\/wp\/v2\/users\/33"}],"replies":[{"embeddable":true,"href":"https:\/\/dhr.se\/halland\/wp-json\/wp\/v2\/comments?post=5085"}],"version-history":[{"count":0,"href":"https:\/\/dhr.se\/halland\/wp-json\/wp\/v2\/posts\/5085\/revisions"}],"wp:attachment":[{"href":"https:\/\/dhr.se\/halland\/wp-json\/wp\/v2\/media?parent=5085"}],"wp:term":[{"taxonomy":"category","embeddable":true,"href":"https:\/\/dhr.se\/halland\/wp-json\/wp\/v2\/categories?post=5085"},{"taxonomy":"post_tag","embeddable":true,"href":"https:\/\/dhr.se\/halland\/wp-json\/wp\/v2\/tags?post=5085"}],"curies":[{"name":"wp","href":"https:\/\/api.w.org\/{rel}","templated":true}]}}