{"id":5280,"date":"2025-12-03T21:32:18","date_gmt":"2025-12-03T20:32:18","guid":{"rendered":"https:\/\/dhr.se\/halland\/?p=5280"},"modified":"2025-12-03T21:34:16","modified_gmt":"2025-12-03T20:34:16","slug":"internationella-funktionshinderdagen-3-12-25","status":"publish","type":"post","link":"https:\/\/dhr.se\/halland\/internationella-funktionshinderdagen-3-12-25\/","title":{"rendered":"Internationella Funktionshinderdagen 3\/12-25"},"content":{"rendered":"\n<p>Onsdagen den 3\/12-25 arrangerade DHR Halland tillsammans med Region Halland och F\u00f6reningshuset Husknuten en inspirerande f\u00f6rel\u00e4sning med Fatmir Seremeti p\u00e5 Teatern i Halmstad med anledning av den Internationella Funktionshinderdagen. My Gustafsson fr\u00e5n DHR Halland h\u00e4lsade honom v\u00e4lkommen.<\/p>\n\n\n\n<figure class=\"wp-block-image size-large\"><img loading=\"lazy\" decoding=\"async\" width=\"557\" height=\"1024\" src=\"https:\/\/dhr.se\/halland\/wp-content\/uploads\/sites\/13\/2025\/12\/1000003567-557x1024.jpg\" alt=\"\" class=\"wp-image-5304\" srcset=\"https:\/\/dhr.se\/halland\/wp-content\/uploads\/sites\/13\/2025\/12\/1000003567-557x1024.jpg 557w, https:\/\/dhr.se\/halland\/wp-content\/uploads\/sites\/13\/2025\/12\/1000003567-163x300.jpg 163w, https:\/\/dhr.se\/halland\/wp-content\/uploads\/sites\/13\/2025\/12\/1000003567-768x1413.jpg 768w, https:\/\/dhr.se\/halland\/wp-content\/uploads\/sites\/13\/2025\/12\/1000003567-835x1536.jpg 835w, https:\/\/dhr.se\/halland\/wp-content\/uploads\/sites\/13\/2025\/12\/1000003567-50x92.jpg 50w, https:\/\/dhr.se\/halland\/wp-content\/uploads\/sites\/13\/2025\/12\/1000003567.jpg 1087w\" sizes=\"auto, (max-width: 557px) 100vw, 557px\" \/><figcaption class=\"wp-element-caption\">rbt<\/figcaption><\/figure>\n\n\n\n<figure class=\"wp-block-image size-large\"><img loading=\"lazy\" decoding=\"async\" width=\"551\" height=\"1024\" src=\"https:\/\/dhr.se\/halland\/wp-content\/uploads\/sites\/13\/2025\/12\/1000003562-551x1024.jpg\" alt=\"\" class=\"wp-image-5306\" srcset=\"https:\/\/dhr.se\/halland\/wp-content\/uploads\/sites\/13\/2025\/12\/1000003562-551x1024.jpg 551w, https:\/\/dhr.se\/halland\/wp-content\/uploads\/sites\/13\/2025\/12\/1000003562-162x300.jpg 162w, https:\/\/dhr.se\/halland\/wp-content\/uploads\/sites\/13\/2025\/12\/1000003562-768x1426.jpg 768w, https:\/\/dhr.se\/halland\/wp-content\/uploads\/sites\/13\/2025\/12\/1000003562-827x1536.jpg 827w, https:\/\/dhr.se\/halland\/wp-content\/uploads\/sites\/13\/2025\/12\/1000003562-50x93.jpg 50w, https:\/\/dhr.se\/halland\/wp-content\/uploads\/sites\/13\/2025\/12\/1000003562.jpg 1077w\" sizes=\"auto, (max-width: 551px) 100vw, 551px\" \/><figcaption class=\"wp-element-caption\">mde<\/figcaption><\/figure>\n\n\n\n\n\n\n\n\n\n\n\n\n\n\n\n\n\n\n\n\n\n\n<section class=\"block-image-and-text  \">\n    <div class=\"main\">\n        <div class=\"main-inner\">\n            <div class=\"left-col\" style=\"background-image: url();\"><\/div>\n\n            <div class=\"right-col\">\n                <h2><\/h2>\n                <p class=\"text\"><\/p>\n\n                            <\/div>\n\n        <\/div>\n    <\/div>\n<\/section>\n\n\n<p><\/p>\n\n\n\n<p><\/p>\n","protected":false},"excerpt":{"rendered":"<p>Onsdagen den 3\/12-25 arrangerade DHR Halland tillsammans med Region Halland och F\u00f6reningshuset Husknuten en inspirerande f\u00f6rel\u00e4sning med Fatmir Seremeti p\u00e5 Teatern i Halmstad med anledning av den Internationella Funktionshinderdagen. My Gustafsson fr\u00e5n DHR Halland h\u00e4lsade honom v\u00e4lkommen.<\/p>\n","protected":false},"author":92,"featured_media":0,"comment_status":"closed","ping_status":"open","sticky":false,"template":"","format":"standard","meta":{"_acf_changed":false,"_monsterinsights_skip_tracking":false,"_monsterinsights_sitenote_active":false,"_monsterinsights_sitenote_note":"","_monsterinsights_sitenote_category":0,"footnotes":""},"categories":[1],"tags":[],"class_list":["post-5280","post","type-post","status-publish","format-standard","hentry","category-okategoriserad"],"acf":[],"yoast_head":"<!-- This site is optimized with the Yoast SEO plugin v27.2 - https:\/\/yoast.com\/product\/yoast-seo-wordpress\/ -->\n<title>Internationella Funktionshinderdagen 3\/12-25 - DHR - Region Halland<\/title>\n<meta name=\"robots\" content=\"index, follow, max-snippet:-1, max-image-preview:large, max-video-preview:-1\" \/>\n<link rel=\"canonical\" href=\"https:\/\/dhr.se\/halland\/internationella-funktionshinderdagen-3-12-25\/\" \/>\n<meta property=\"og:locale\" content=\"sv_SE\" \/>\n<meta property=\"og:type\" content=\"article\" \/>\n<meta property=\"og:title\" content=\"Internationella Funktionshinderdagen 3\/12-25 - DHR - Region Halland\" \/>\n<meta property=\"og:description\" content=\"Onsdagen den 3\/12-25 arrangerade DHR Halland tillsammans med Region Halland och F\u00f6reningshuset Husknuten en inspirerande f\u00f6rel\u00e4sning med Fatmir Seremeti p\u00e5 Teatern i Halmstad med anledning av den Internationella Funktionshinderdagen. My Gustafsson fr\u00e5n DHR Halland h\u00e4lsade honom v\u00e4lkommen.\" \/>\n<meta property=\"og:url\" content=\"https:\/\/dhr.se\/halland\/internationella-funktionshinderdagen-3-12-25\/\" \/>\n<meta property=\"og:site_name\" content=\"DHR - Region Halland\" \/>\n<meta property=\"article:published_time\" content=\"2025-12-03T20:32:18+00:00\" \/>\n<meta property=\"article:modified_time\" content=\"2025-12-03T20:34:16+00:00\" \/>\n<meta property=\"og:image\" content=\"https:\/\/dhr.se\/halland\/wp-content\/uploads\/sites\/13\/2025\/12\/1000003567.jpg\" \/>\n\t<meta property=\"og:image:width\" content=\"1087\" \/>\n\t<meta property=\"og:image:height\" content=\"2000\" \/>\n\t<meta property=\"og:image:type\" content=\"image\/jpeg\" \/>\n<meta name=\"author\" content=\"regionhalland3\" \/>\n<meta name=\"twitter:card\" content=\"summary_large_image\" \/>\n<meta name=\"twitter:label1\" content=\"Skriven av\" \/>\n\t<meta name=\"twitter:data1\" content=\"regionhalland3\" \/>\n\t<meta name=\"twitter:label2\" content=\"Ber\u00e4knad l\u00e4stid\" \/>\n\t<meta name=\"twitter:data2\" content=\"3 minuter\" \/>\n<script type=\"application\/ld+json\" class=\"yoast-schema-graph\">{\"@context\":\"https:\/\/schema.org\",\"@graph\":[{\"@type\":\"Article\",\"@id\":\"https:\/\/dhr.se\/halland\/internationella-funktionshinderdagen-3-12-25\/#article\",\"isPartOf\":{\"@id\":\"https:\/\/dhr.se\/halland\/internationella-funktionshinderdagen-3-12-25\/\"},\"author\":{\"name\":\"regionhalland3\",\"@id\":\"https:\/\/dhr.se\/halland\/#\/schema\/person\/8ccca0a237b785842a95798a3fa50dff\"},\"headline\":\"Internationella Funktionshinderdagen 3\/12-25\",\"datePublished\":\"2025-12-03T20:32:18+00:00\",\"dateModified\":\"2025-12-03T20:34:16+00:00\",\"mainEntityOfPage\":{\"@id\":\"https:\/\/dhr.se\/halland\/internationella-funktionshinderdagen-3-12-25\/\"},\"wordCount\":48,\"image\":{\"@id\":\"https:\/\/dhr.se\/halland\/internationella-funktionshinderdagen-3-12-25\/#primaryimage\"},\"thumbnailUrl\":\"https:\/\/dhr.se\/halland\/wp-content\/uploads\/sites\/13\/2025\/12\/1000003567-557x1024.jpg\",\"articleSection\":[\"Okategoriserad\"],\"inLanguage\":\"sv-SE\"},{\"@type\":\"WebPage\",\"@id\":\"https:\/\/dhr.se\/halland\/internationella-funktionshinderdagen-3-12-25\/\",\"url\":\"https:\/\/dhr.se\/halland\/internationella-funktionshinderdagen-3-12-25\/\",\"name\":\"Internationella Funktionshinderdagen 3\/12-25 - DHR - Region Halland\",\"isPartOf\":{\"@id\":\"https:\/\/dhr.se\/halland\/#website\"},\"primaryImageOfPage\":{\"@id\":\"https:\/\/dhr.se\/halland\/internationella-funktionshinderdagen-3-12-25\/#primaryimage\"},\"image\":{\"@id\":\"https:\/\/dhr.se\/halland\/internationella-funktionshinderdagen-3-12-25\/#primaryimage\"},\"thumbnailUrl\":\"https:\/\/dhr.se\/halland\/wp-content\/uploads\/sites\/13\/2025\/12\/1000003567-557x1024.jpg\",\"datePublished\":\"2025-12-03T20:32:18+00:00\",\"dateModified\":\"2025-12-03T20:34:16+00:00\",\"author\":{\"@id\":\"https:\/\/dhr.se\/halland\/#\/schema\/person\/8ccca0a237b785842a95798a3fa50dff\"},\"breadcrumb\":{\"@id\":\"https:\/\/dhr.se\/halland\/internationella-funktionshinderdagen-3-12-25\/#breadcrumb\"},\"inLanguage\":\"sv-SE\",\"potentialAction\":[{\"@type\":\"ReadAction\",\"target\":[\"https:\/\/dhr.se\/halland\/internationella-funktionshinderdagen-3-12-25\/\"]}]},{\"@type\":\"ImageObject\",\"inLanguage\":\"sv-SE\",\"@id\":\"https:\/\/dhr.se\/halland\/internationella-funktionshinderdagen-3-12-25\/#primaryimage\",\"url\":\"https:\/\/dhr.se\/halland\/wp-content\/uploads\/sites\/13\/2025\/12\/1000003567.jpg\",\"contentUrl\":\"https:\/\/dhr.se\/halland\/wp-content\/uploads\/sites\/13\/2025\/12\/1000003567.jpg\",\"width\":1087,\"height\":2000,\"caption\":\"rbt\"},{\"@type\":\"BreadcrumbList\",\"@id\":\"https:\/\/dhr.se\/halland\/internationella-funktionshinderdagen-3-12-25\/#breadcrumb\",\"itemListElement\":[{\"@type\":\"ListItem\",\"position\":1,\"name\":\"Hem\",\"item\":\"https:\/\/dhr.se\/halland\/\"},{\"@type\":\"ListItem\",\"position\":2,\"name\":\"Internationella Funktionshinderdagen 3\/12-25\"}]},{\"@type\":\"WebSite\",\"@id\":\"https:\/\/dhr.se\/halland\/#website\",\"url\":\"https:\/\/dhr.se\/halland\/\",\"name\":\"DHR - Region Halland\",\"description\":\"Delaktighet, r\u00f6relsefrihet och handlingskraft\",\"potentialAction\":[{\"@type\":\"SearchAction\",\"target\":{\"@type\":\"EntryPoint\",\"urlTemplate\":\"https:\/\/dhr.se\/halland\/?s={search_term_string}\"},\"query-input\":{\"@type\":\"PropertyValueSpecification\",\"valueRequired\":true,\"valueName\":\"search_term_string\"}}],\"inLanguage\":\"sv-SE\"},{\"@type\":\"Person\",\"@id\":\"https:\/\/dhr.se\/halland\/#\/schema\/person\/8ccca0a237b785842a95798a3fa50dff\",\"name\":\"regionhalland3\",\"image\":{\"@type\":\"ImageObject\",\"inLanguage\":\"sv-SE\",\"@id\":\"https:\/\/secure.gravatar.com\/avatar\/50f74f4885ab867c0e4869297b8fec9faf78825d587247bf250cc3a5adf0e145?s=96&d=mm&r=g\",\"url\":\"https:\/\/secure.gravatar.com\/avatar\/50f74f4885ab867c0e4869297b8fec9faf78825d587247bf250cc3a5adf0e145?s=96&d=mm&r=g\",\"contentUrl\":\"https:\/\/secure.gravatar.com\/avatar\/50f74f4885ab867c0e4869297b8fec9faf78825d587247bf250cc3a5adf0e145?s=96&d=mm&r=g\",\"caption\":\"regionhalland3\"},\"sameAs\":[\"http:\/\/www.dhr.se\/halland\"],\"url\":\"https:\/\/dhr.se\/halland\/author\/regionhalland3\/\"}]}<\/script>\n<!-- \/ Yoast SEO plugin. -->","yoast_head_json":{"title":"Internationella Funktionshinderdagen 3\/12-25 - DHR - Region Halland","robots":{"index":"index","follow":"follow","max-snippet":"max-snippet:-1","max-image-preview":"max-image-preview:large","max-video-preview":"max-video-preview:-1"},"canonical":"https:\/\/dhr.se\/halland\/internationella-funktionshinderdagen-3-12-25\/","og_locale":"sv_SE","og_type":"article","og_title":"Internationella Funktionshinderdagen 3\/12-25 - DHR - Region Halland","og_description":"Onsdagen den 3\/12-25 arrangerade DHR Halland tillsammans med Region Halland och F\u00f6reningshuset Husknuten en inspirerande f\u00f6rel\u00e4sning med Fatmir Seremeti p\u00e5 Teatern i Halmstad med anledning av den Internationella Funktionshinderdagen. My Gustafsson fr\u00e5n DHR Halland h\u00e4lsade honom v\u00e4lkommen.","og_url":"https:\/\/dhr.se\/halland\/internationella-funktionshinderdagen-3-12-25\/","og_site_name":"DHR - Region Halland","article_published_time":"2025-12-03T20:32:18+00:00","article_modified_time":"2025-12-03T20:34:16+00:00","og_image":[{"width":1087,"height":2000,"url":"https:\/\/dhr.se\/halland\/wp-content\/uploads\/sites\/13\/2025\/12\/1000003567.jpg","type":"image\/jpeg"}],"author":"regionhalland3","twitter_card":"summary_large_image","twitter_misc":{"Skriven av":"regionhalland3","Ber\u00e4knad l\u00e4stid":"3 minuter"},"schema":{"@context":"https:\/\/schema.org","@graph":[{"@type":"Article","@id":"https:\/\/dhr.se\/halland\/internationella-funktionshinderdagen-3-12-25\/#article","isPartOf":{"@id":"https:\/\/dhr.se\/halland\/internationella-funktionshinderdagen-3-12-25\/"},"author":{"name":"regionhalland3","@id":"https:\/\/dhr.se\/halland\/#\/schema\/person\/8ccca0a237b785842a95798a3fa50dff"},"headline":"Internationella Funktionshinderdagen 3\/12-25","datePublished":"2025-12-03T20:32:18+00:00","dateModified":"2025-12-03T20:34:16+00:00","mainEntityOfPage":{"@id":"https:\/\/dhr.se\/halland\/internationella-funktionshinderdagen-3-12-25\/"},"wordCount":48,"image":{"@id":"https:\/\/dhr.se\/halland\/internationella-funktionshinderdagen-3-12-25\/#primaryimage"},"thumbnailUrl":"https:\/\/dhr.se\/halland\/wp-content\/uploads\/sites\/13\/2025\/12\/1000003567-557x1024.jpg","articleSection":["Okategoriserad"],"inLanguage":"sv-SE"},{"@type":"WebPage","@id":"https:\/\/dhr.se\/halland\/internationella-funktionshinderdagen-3-12-25\/","url":"https:\/\/dhr.se\/halland\/internationella-funktionshinderdagen-3-12-25\/","name":"Internationella Funktionshinderdagen 3\/12-25 - DHR - Region Halland","isPartOf":{"@id":"https:\/\/dhr.se\/halland\/#website"},"primaryImageOfPage":{"@id":"https:\/\/dhr.se\/halland\/internationella-funktionshinderdagen-3-12-25\/#primaryimage"},"image":{"@id":"https:\/\/dhr.se\/halland\/internationella-funktionshinderdagen-3-12-25\/#primaryimage"},"thumbnailUrl":"https:\/\/dhr.se\/halland\/wp-content\/uploads\/sites\/13\/2025\/12\/1000003567-557x1024.jpg","datePublished":"2025-12-03T20:32:18+00:00","dateModified":"2025-12-03T20:34:16+00:00","author":{"@id":"https:\/\/dhr.se\/halland\/#\/schema\/person\/8ccca0a237b785842a95798a3fa50dff"},"breadcrumb":{"@id":"https:\/\/dhr.se\/halland\/internationella-funktionshinderdagen-3-12-25\/#breadcrumb"},"inLanguage":"sv-SE","potentialAction":[{"@type":"ReadAction","target":["https:\/\/dhr.se\/halland\/internationella-funktionshinderdagen-3-12-25\/"]}]},{"@type":"ImageObject","inLanguage":"sv-SE","@id":"https:\/\/dhr.se\/halland\/internationella-funktionshinderdagen-3-12-25\/#primaryimage","url":"https:\/\/dhr.se\/halland\/wp-content\/uploads\/sites\/13\/2025\/12\/1000003567.jpg","contentUrl":"https:\/\/dhr.se\/halland\/wp-content\/uploads\/sites\/13\/2025\/12\/1000003567.jpg","width":1087,"height":2000,"caption":"rbt"},{"@type":"BreadcrumbList","@id":"https:\/\/dhr.se\/halland\/internationella-funktionshinderdagen-3-12-25\/#breadcrumb","itemListElement":[{"@type":"ListItem","position":1,"name":"Hem","item":"https:\/\/dhr.se\/halland\/"},{"@type":"ListItem","position":2,"name":"Internationella Funktionshinderdagen 3\/12-25"}]},{"@type":"WebSite","@id":"https:\/\/dhr.se\/halland\/#website","url":"https:\/\/dhr.se\/halland\/","name":"DHR - Region Halland","description":"Delaktighet, r\u00f6relsefrihet och handlingskraft","potentialAction":[{"@type":"SearchAction","target":{"@type":"EntryPoint","urlTemplate":"https:\/\/dhr.se\/halland\/?s={search_term_string}"},"query-input":{"@type":"PropertyValueSpecification","valueRequired":true,"valueName":"search_term_string"}}],"inLanguage":"sv-SE"},{"@type":"Person","@id":"https:\/\/dhr.se\/halland\/#\/schema\/person\/8ccca0a237b785842a95798a3fa50dff","name":"regionhalland3","image":{"@type":"ImageObject","inLanguage":"sv-SE","@id":"https:\/\/secure.gravatar.com\/avatar\/50f74f4885ab867c0e4869297b8fec9faf78825d587247bf250cc3a5adf0e145?s=96&d=mm&r=g","url":"https:\/\/secure.gravatar.com\/avatar\/50f74f4885ab867c0e4869297b8fec9faf78825d587247bf250cc3a5adf0e145?s=96&d=mm&r=g","contentUrl":"https:\/\/secure.gravatar.com\/avatar\/50f74f4885ab867c0e4869297b8fec9faf78825d587247bf250cc3a5adf0e145?s=96&d=mm&r=g","caption":"regionhalland3"},"sameAs":["http:\/\/www.dhr.se\/halland"],"url":"https:\/\/dhr.se\/halland\/author\/regionhalland3\/"}]}},"publishpress_future_action":{"enabled":false,"date":"2026-05-04 03:38:56","action":"change-status","newStatus":"draft","terms":[],"taxonomy":"category","extraData":[]},"publishpress_future_workflow_manual_trigger":{"enabledWorkflows":[]},"_links":{"self":[{"href":"https:\/\/dhr.se\/halland\/wp-json\/wp\/v2\/posts\/5280","targetHints":{"allow":["GET"]}}],"collection":[{"href":"https:\/\/dhr.se\/halland\/wp-json\/wp\/v2\/posts"}],"about":[{"href":"https:\/\/dhr.se\/halland\/wp-json\/wp\/v2\/types\/post"}],"author":[{"embeddable":true,"href":"https:\/\/dhr.se\/halland\/wp-json\/wp\/v2\/users\/92"}],"replies":[{"embeddable":true,"href":"https:\/\/dhr.se\/halland\/wp-json\/wp\/v2\/comments?post=5280"}],"version-history":[{"count":0,"href":"https:\/\/dhr.se\/halland\/wp-json\/wp\/v2\/posts\/5280\/revisions"}],"wp:attachment":[{"href":"https:\/\/dhr.se\/halland\/wp-json\/wp\/v2\/media?parent=5280"}],"wp:term":[{"taxonomy":"category","embeddable":true,"href":"https:\/\/dhr.se\/halland\/wp-json\/wp\/v2\/categories?post=5280"},{"taxonomy":"post_tag","embeddable":true,"href":"https:\/\/dhr.se\/halland\/wp-json\/wp\/v2\/tags?post=5280"}],"curies":[{"name":"wp","href":"https:\/\/api.w.org\/{rel}","templated":true}]}}