{"id":5315,"date":"2025-12-09T17:00:18","date_gmt":"2025-12-09T16:00:18","guid":{"rendered":"https:\/\/dhr.se\/halland\/?p=5315"},"modified":"2025-12-09T17:00:19","modified_gmt":"2025-12-09T16:00:19","slug":"julfika-stahlboms-konditori-falkenberg-9-12-25","status":"publish","type":"post","link":"https:\/\/dhr.se\/halland\/julfika-stahlboms-konditori-falkenberg-9-12-25\/","title":{"rendered":"Julfika St\u00e5hlboms Konditori Falkenberg 9\/12-25"},"content":{"rendered":"\n<p>Tisdagen den 9\/12-25 samlades styrelsen, Dennis och Monica fr\u00e5n DHR Varberg samt tre representanter  fr\u00e5n Falkenbergsavdelningen f\u00f6r en Julfika och f\u00f6r att h\u00f6ra om intresse finns f\u00f6r att starta upp Falkenbergsavdelningen igen. Det var ett positivt m\u00f6te, och vi beslutade att kalla till ett nytt m\u00f6te efter ny\u00e5r.<\/p>\n\n\n\n<p><\/p>\n","protected":false},"excerpt":{"rendered":"<p>Tisdagen den 9\/12-25 samlades styrelsen, Dennis och Monica fr\u00e5n DHR Varberg samt tre representanter fr\u00e5n Falkenbergsavdelningen f\u00f6r en Julfika och f\u00f6r att h\u00f6ra om intresse finns f\u00f6r att starta upp Falkenbergsavdelningen igen. Det var ett positivt m\u00f6te, och vi beslutade[&hellip;]<\/p>\n","protected":false},"author":92,"featured_media":0,"comment_status":"closed","ping_status":"open","sticky":false,"template":"","format":"standard","meta":{"_acf_changed":false,"_monsterinsights_skip_tracking":false,"_monsterinsights_sitenote_active":false,"_monsterinsights_sitenote_note":"","_monsterinsights_sitenote_category":0,"footnotes":""},"categories":[1],"tags":[],"class_list":["post-5315","post","type-post","status-publish","format-standard","hentry","category-okategoriserad"],"acf":[],"yoast_head":"<!-- This site is optimized with the Yoast SEO plugin v27.2 - https:\/\/yoast.com\/product\/yoast-seo-wordpress\/ -->\n<title>Julfika St\u00e5hlboms Konditori Falkenberg 9\/12-25 - DHR - Region Halland<\/title>\n<meta name=\"robots\" content=\"index, follow, max-snippet:-1, max-image-preview:large, max-video-preview:-1\" \/>\n<link rel=\"canonical\" href=\"https:\/\/dhr.se\/halland\/julfika-stahlboms-konditori-falkenberg-9-12-25\/\" \/>\n<meta property=\"og:locale\" content=\"sv_SE\" \/>\n<meta property=\"og:type\" content=\"article\" \/>\n<meta property=\"og:title\" content=\"Julfika St\u00e5hlboms Konditori Falkenberg 9\/12-25 - DHR - Region Halland\" \/>\n<meta property=\"og:description\" content=\"Tisdagen den 9\/12-25 samlades styrelsen, Dennis och Monica fr\u00e5n DHR Varberg samt tre representanter fr\u00e5n Falkenbergsavdelningen f\u00f6r en Julfika och f\u00f6r att h\u00f6ra om intresse finns f\u00f6r att starta upp Falkenbergsavdelningen igen. Det var ett positivt m\u00f6te, och vi beslutade[&hellip;]\" \/>\n<meta property=\"og:url\" content=\"https:\/\/dhr.se\/halland\/julfika-stahlboms-konditori-falkenberg-9-12-25\/\" \/>\n<meta property=\"og:site_name\" content=\"DHR - Region Halland\" \/>\n<meta property=\"article:published_time\" content=\"2025-12-09T16:00:18+00:00\" \/>\n<meta property=\"article:modified_time\" content=\"2025-12-09T16:00:19+00:00\" \/>\n<meta name=\"author\" content=\"regionhalland3\" \/>\n<meta name=\"twitter:card\" content=\"summary_large_image\" \/>\n<meta name=\"twitter:label1\" content=\"Skriven av\" \/>\n\t<meta name=\"twitter:data1\" content=\"regionhalland3\" \/>\n\t<meta name=\"twitter:label2\" content=\"Ber\u00e4knad l\u00e4stid\" \/>\n\t<meta name=\"twitter:data2\" content=\"1 minut\" \/>\n<script type=\"application\/ld+json\" class=\"yoast-schema-graph\">{\"@context\":\"https:\/\/schema.org\",\"@graph\":[{\"@type\":\"Article\",\"@id\":\"https:\/\/dhr.se\/halland\/julfika-stahlboms-konditori-falkenberg-9-12-25\/#article\",\"isPartOf\":{\"@id\":\"https:\/\/dhr.se\/halland\/julfika-stahlboms-konditori-falkenberg-9-12-25\/\"},\"author\":{\"name\":\"regionhalland3\",\"@id\":\"https:\/\/dhr.se\/halland\/#\/schema\/person\/8ccca0a237b785842a95798a3fa50dff\"},\"headline\":\"Julfika St\u00e5hlboms Konditori Falkenberg 9\/12-25\",\"datePublished\":\"2025-12-09T16:00:18+00:00\",\"dateModified\":\"2025-12-09T16:00:19+00:00\",\"mainEntityOfPage\":{\"@id\":\"https:\/\/dhr.se\/halland\/julfika-stahlboms-konditori-falkenberg-9-12-25\/\"},\"wordCount\":63,\"articleSection\":[\"Okategoriserad\"],\"inLanguage\":\"sv-SE\"},{\"@type\":\"WebPage\",\"@id\":\"https:\/\/dhr.se\/halland\/julfika-stahlboms-konditori-falkenberg-9-12-25\/\",\"url\":\"https:\/\/dhr.se\/halland\/julfika-stahlboms-konditori-falkenberg-9-12-25\/\",\"name\":\"Julfika St\u00e5hlboms Konditori Falkenberg 9\/12-25 - DHR - Region Halland\",\"isPartOf\":{\"@id\":\"https:\/\/dhr.se\/halland\/#website\"},\"datePublished\":\"2025-12-09T16:00:18+00:00\",\"dateModified\":\"2025-12-09T16:00:19+00:00\",\"author\":{\"@id\":\"https:\/\/dhr.se\/halland\/#\/schema\/person\/8ccca0a237b785842a95798a3fa50dff\"},\"breadcrumb\":{\"@id\":\"https:\/\/dhr.se\/halland\/julfika-stahlboms-konditori-falkenberg-9-12-25\/#breadcrumb\"},\"inLanguage\":\"sv-SE\",\"potentialAction\":[{\"@type\":\"ReadAction\",\"target\":[\"https:\/\/dhr.se\/halland\/julfika-stahlboms-konditori-falkenberg-9-12-25\/\"]}]},{\"@type\":\"BreadcrumbList\",\"@id\":\"https:\/\/dhr.se\/halland\/julfika-stahlboms-konditori-falkenberg-9-12-25\/#breadcrumb\",\"itemListElement\":[{\"@type\":\"ListItem\",\"position\":1,\"name\":\"Hem\",\"item\":\"https:\/\/dhr.se\/halland\/\"},{\"@type\":\"ListItem\",\"position\":2,\"name\":\"Julfika St\u00e5hlboms Konditori Falkenberg 9\/12-25\"}]},{\"@type\":\"WebSite\",\"@id\":\"https:\/\/dhr.se\/halland\/#website\",\"url\":\"https:\/\/dhr.se\/halland\/\",\"name\":\"DHR - Region Halland\",\"description\":\"Delaktighet, r\u00f6relsefrihet och handlingskraft\",\"potentialAction\":[{\"@type\":\"SearchAction\",\"target\":{\"@type\":\"EntryPoint\",\"urlTemplate\":\"https:\/\/dhr.se\/halland\/?s={search_term_string}\"},\"query-input\":{\"@type\":\"PropertyValueSpecification\",\"valueRequired\":true,\"valueName\":\"search_term_string\"}}],\"inLanguage\":\"sv-SE\"},{\"@type\":\"Person\",\"@id\":\"https:\/\/dhr.se\/halland\/#\/schema\/person\/8ccca0a237b785842a95798a3fa50dff\",\"name\":\"regionhalland3\",\"image\":{\"@type\":\"ImageObject\",\"inLanguage\":\"sv-SE\",\"@id\":\"https:\/\/secure.gravatar.com\/avatar\/50f74f4885ab867c0e4869297b8fec9faf78825d587247bf250cc3a5adf0e145?s=96&d=mm&r=g\",\"url\":\"https:\/\/secure.gravatar.com\/avatar\/50f74f4885ab867c0e4869297b8fec9faf78825d587247bf250cc3a5adf0e145?s=96&d=mm&r=g\",\"contentUrl\":\"https:\/\/secure.gravatar.com\/avatar\/50f74f4885ab867c0e4869297b8fec9faf78825d587247bf250cc3a5adf0e145?s=96&d=mm&r=g\",\"caption\":\"regionhalland3\"},\"sameAs\":[\"http:\/\/www.dhr.se\/halland\"],\"url\":\"https:\/\/dhr.se\/halland\/author\/regionhalland3\/\"}]}<\/script>\n<!-- \/ Yoast SEO plugin. -->","yoast_head_json":{"title":"Julfika St\u00e5hlboms Konditori Falkenberg 9\/12-25 - DHR - Region Halland","robots":{"index":"index","follow":"follow","max-snippet":"max-snippet:-1","max-image-preview":"max-image-preview:large","max-video-preview":"max-video-preview:-1"},"canonical":"https:\/\/dhr.se\/halland\/julfika-stahlboms-konditori-falkenberg-9-12-25\/","og_locale":"sv_SE","og_type":"article","og_title":"Julfika St\u00e5hlboms Konditori Falkenberg 9\/12-25 - DHR - Region Halland","og_description":"Tisdagen den 9\/12-25 samlades styrelsen, Dennis och Monica fr\u00e5n DHR Varberg samt tre representanter fr\u00e5n Falkenbergsavdelningen f\u00f6r en Julfika och f\u00f6r att h\u00f6ra om intresse finns f\u00f6r att starta upp Falkenbergsavdelningen igen. Det var ett positivt m\u00f6te, och vi beslutade[&hellip;]","og_url":"https:\/\/dhr.se\/halland\/julfika-stahlboms-konditori-falkenberg-9-12-25\/","og_site_name":"DHR - Region Halland","article_published_time":"2025-12-09T16:00:18+00:00","article_modified_time":"2025-12-09T16:00:19+00:00","author":"regionhalland3","twitter_card":"summary_large_image","twitter_misc":{"Skriven av":"regionhalland3","Ber\u00e4knad l\u00e4stid":"1 minut"},"schema":{"@context":"https:\/\/schema.org","@graph":[{"@type":"Article","@id":"https:\/\/dhr.se\/halland\/julfika-stahlboms-konditori-falkenberg-9-12-25\/#article","isPartOf":{"@id":"https:\/\/dhr.se\/halland\/julfika-stahlboms-konditori-falkenberg-9-12-25\/"},"author":{"name":"regionhalland3","@id":"https:\/\/dhr.se\/halland\/#\/schema\/person\/8ccca0a237b785842a95798a3fa50dff"},"headline":"Julfika St\u00e5hlboms Konditori Falkenberg 9\/12-25","datePublished":"2025-12-09T16:00:18+00:00","dateModified":"2025-12-09T16:00:19+00:00","mainEntityOfPage":{"@id":"https:\/\/dhr.se\/halland\/julfika-stahlboms-konditori-falkenberg-9-12-25\/"},"wordCount":63,"articleSection":["Okategoriserad"],"inLanguage":"sv-SE"},{"@type":"WebPage","@id":"https:\/\/dhr.se\/halland\/julfika-stahlboms-konditori-falkenberg-9-12-25\/","url":"https:\/\/dhr.se\/halland\/julfika-stahlboms-konditori-falkenberg-9-12-25\/","name":"Julfika St\u00e5hlboms Konditori Falkenberg 9\/12-25 - DHR - Region Halland","isPartOf":{"@id":"https:\/\/dhr.se\/halland\/#website"},"datePublished":"2025-12-09T16:00:18+00:00","dateModified":"2025-12-09T16:00:19+00:00","author":{"@id":"https:\/\/dhr.se\/halland\/#\/schema\/person\/8ccca0a237b785842a95798a3fa50dff"},"breadcrumb":{"@id":"https:\/\/dhr.se\/halland\/julfika-stahlboms-konditori-falkenberg-9-12-25\/#breadcrumb"},"inLanguage":"sv-SE","potentialAction":[{"@type":"ReadAction","target":["https:\/\/dhr.se\/halland\/julfika-stahlboms-konditori-falkenberg-9-12-25\/"]}]},{"@type":"BreadcrumbList","@id":"https:\/\/dhr.se\/halland\/julfika-stahlboms-konditori-falkenberg-9-12-25\/#breadcrumb","itemListElement":[{"@type":"ListItem","position":1,"name":"Hem","item":"https:\/\/dhr.se\/halland\/"},{"@type":"ListItem","position":2,"name":"Julfika St\u00e5hlboms Konditori Falkenberg 9\/12-25"}]},{"@type":"WebSite","@id":"https:\/\/dhr.se\/halland\/#website","url":"https:\/\/dhr.se\/halland\/","name":"DHR - Region Halland","description":"Delaktighet, r\u00f6relsefrihet och handlingskraft","potentialAction":[{"@type":"SearchAction","target":{"@type":"EntryPoint","urlTemplate":"https:\/\/dhr.se\/halland\/?s={search_term_string}"},"query-input":{"@type":"PropertyValueSpecification","valueRequired":true,"valueName":"search_term_string"}}],"inLanguage":"sv-SE"},{"@type":"Person","@id":"https:\/\/dhr.se\/halland\/#\/schema\/person\/8ccca0a237b785842a95798a3fa50dff","name":"regionhalland3","image":{"@type":"ImageObject","inLanguage":"sv-SE","@id":"https:\/\/secure.gravatar.com\/avatar\/50f74f4885ab867c0e4869297b8fec9faf78825d587247bf250cc3a5adf0e145?s=96&d=mm&r=g","url":"https:\/\/secure.gravatar.com\/avatar\/50f74f4885ab867c0e4869297b8fec9faf78825d587247bf250cc3a5adf0e145?s=96&d=mm&r=g","contentUrl":"https:\/\/secure.gravatar.com\/avatar\/50f74f4885ab867c0e4869297b8fec9faf78825d587247bf250cc3a5adf0e145?s=96&d=mm&r=g","caption":"regionhalland3"},"sameAs":["http:\/\/www.dhr.se\/halland"],"url":"https:\/\/dhr.se\/halland\/author\/regionhalland3\/"}]}},"publishpress_future_action":{"enabled":false,"date":"2026-05-04 02:18:42","action":"change-status","newStatus":"draft","terms":[],"taxonomy":"category","extraData":[]},"publishpress_future_workflow_manual_trigger":{"enabledWorkflows":[]},"_links":{"self":[{"href":"https:\/\/dhr.se\/halland\/wp-json\/wp\/v2\/posts\/5315","targetHints":{"allow":["GET"]}}],"collection":[{"href":"https:\/\/dhr.se\/halland\/wp-json\/wp\/v2\/posts"}],"about":[{"href":"https:\/\/dhr.se\/halland\/wp-json\/wp\/v2\/types\/post"}],"author":[{"embeddable":true,"href":"https:\/\/dhr.se\/halland\/wp-json\/wp\/v2\/users\/92"}],"replies":[{"embeddable":true,"href":"https:\/\/dhr.se\/halland\/wp-json\/wp\/v2\/comments?post=5315"}],"version-history":[{"count":0,"href":"https:\/\/dhr.se\/halland\/wp-json\/wp\/v2\/posts\/5315\/revisions"}],"wp:attachment":[{"href":"https:\/\/dhr.se\/halland\/wp-json\/wp\/v2\/media?parent=5315"}],"wp:term":[{"taxonomy":"category","embeddable":true,"href":"https:\/\/dhr.se\/halland\/wp-json\/wp\/v2\/categories?post=5315"},{"taxonomy":"post_tag","embeddable":true,"href":"https:\/\/dhr.se\/halland\/wp-json\/wp\/v2\/tags?post=5315"}],"curies":[{"name":"wp","href":"https:\/\/api.w.org\/{rel}","templated":true}]}}