{"id":1806,"date":"2020-03-18T17:49:24","date_gmt":"2020-03-18T16:49:24","guid":{"rendered":"http:\/\/dhr.se\/linkoping\/?p=1806"},"modified":"2023-12-15T13:49:11","modified_gmt":"2023-12-15T12:49:11","slug":"att-arbeta-ar-inte-det-lite-val-overskattat","status":"publish","type":"post","link":"https:\/\/dhr.se\/linkoping\/att-arbeta-ar-inte-det-lite-val-overskattat\/","title":{"rendered":"Hur t\u00e4nkte ni nu?"},"content":{"rendered":"\n<p>Det ingen brukar prata om n\u00e4r det handlar om funktionsneds\u00e4ttningar och de m\u00e4nniskor det handlar om \u2013 just det pratar Karolina Celinska och Janna Olzon fr\u00e5n DHR om i podden Hur t\u00e4nkte ni nu? Med humor och allvar ifr\u00e5gas\u00e4tter de funktionshinderr\u00f6relsen, sig sj\u00e4lva, samh\u00e4llet och \u2013 ja, det mesta.<\/p>\n\n\n\n<p><a href=\"https:\/\/dhr.se\/vad-vi-gor\/podden-hur-tankte-ni-nu\/\" target=\"_blank\" rel=\"noreferrer noopener\">H\u00e4r kan du l\u00e4sa mer om podden.<\/a><\/p>\n\n\n\n<p><\/p>\n","protected":false},"excerpt":{"rendered":"<p>Det ingen brukar prata om n\u00e4r det handlar om funktionsneds\u00e4ttningar och de m\u00e4nniskor det handlar om \u2013 just det pratar Karolina Celinska och Janna Olzon fr\u00e5n DHR om i podden Hur t\u00e4nkte ni nu? Med humor och allvar ifr\u00e5gas\u00e4tter de[&hellip;]<\/p>\n","protected":false},"author":1,"featured_media":1807,"comment_status":"closed","ping_status":"open","sticky":false,"template":"","format":"standard","meta":{"_acf_changed":false,"_monsterinsights_skip_tracking":false,"_monsterinsights_sitenote_active":false,"_monsterinsights_sitenote_note":"","_monsterinsights_sitenote_category":0,"footnotes":""},"categories":[1],"tags":[],"class_list":["post-1806","post","type-post","status-publish","format-standard","has-post-thumbnail","hentry","category-okategoriserad"],"acf":[],"yoast_head":"<!-- This site is optimized with the Yoast SEO plugin v27.5 - https:\/\/yoast.com\/product\/yoast-seo-wordpress\/ -->\n<title>Hur t\u00e4nkte ni nu? - DHR - Link\u00f6ping<\/title>\n<meta name=\"robots\" content=\"index, follow, max-snippet:-1, max-image-preview:large, max-video-preview:-1\" \/>\n<link rel=\"canonical\" href=\"https:\/\/dhr.se\/linkoping\/att-arbeta-ar-inte-det-lite-val-overskattat\/\" \/>\n<meta property=\"og:locale\" content=\"sv_SE\" \/>\n<meta property=\"og:type\" content=\"article\" \/>\n<meta property=\"og:title\" content=\"Hur t\u00e4nkte ni nu? - DHR - Link\u00f6ping\" \/>\n<meta property=\"og:description\" content=\"Det ingen brukar prata om n\u00e4r det handlar om funktionsneds\u00e4ttningar och de m\u00e4nniskor det handlar om \u2013 just det pratar Karolina Celinska och Janna Olzon fr\u00e5n DHR om i podden Hur t\u00e4nkte ni nu? Med humor och allvar ifr\u00e5gas\u00e4tter de[&hellip;]\" \/>\n<meta property=\"og:url\" content=\"https:\/\/dhr.se\/linkoping\/att-arbeta-ar-inte-det-lite-val-overskattat\/\" \/>\n<meta property=\"og:site_name\" content=\"DHR - Link\u00f6ping\" \/>\n<meta property=\"article:published_time\" content=\"2020-03-18T16:49:24+00:00\" \/>\n<meta property=\"article:modified_time\" content=\"2023-12-15T12:49:11+00:00\" \/>\n<meta property=\"og:image\" content=\"https:\/\/dhr.se\/linkoping\/wp-content\/uploads\/sites\/24\/2020\/03\/Karro-Janna-poddbild-2020.jpg\" \/>\n\t<meta property=\"og:image:width\" content=\"2000\" \/>\n\t<meta property=\"og:image:height\" content=\"1809\" \/>\n\t<meta property=\"og:image:type\" content=\"image\/jpeg\" \/>\n<meta name=\"twitter:card\" content=\"summary_large_image\" \/>\n<meta name=\"twitter:label1\" content=\"Skriven av\" \/>\n\t<meta name=\"twitter:data1\" content=\"\" \/>\n\t<meta name=\"twitter:label2\" content=\"Ber\u00e4knad l\u00e4stid\" \/>\n\t<meta name=\"twitter:data2\" content=\"1 minut\" \/>\n<script type=\"application\/ld+json\" class=\"yoast-schema-graph\">{\"@context\":\"https:\\\/\\\/schema.org\",\"@graph\":[{\"@type\":\"Article\",\"@id\":\"https:\\\/\\\/dhr.se\\\/linkoping\\\/att-arbeta-ar-inte-det-lite-val-overskattat\\\/#article\",\"isPartOf\":{\"@id\":\"https:\\\/\\\/dhr.se\\\/linkoping\\\/att-arbeta-ar-inte-det-lite-val-overskattat\\\/\"},\"author\":{\"name\":\"\",\"@id\":\"\"},\"headline\":\"Hur t\u00e4nkte ni nu?\",\"datePublished\":\"2020-03-18T16:49:24+00:00\",\"dateModified\":\"2023-12-15T12:49:11+00:00\",\"mainEntityOfPage\":{\"@id\":\"https:\\\/\\\/dhr.se\\\/linkoping\\\/att-arbeta-ar-inte-det-lite-val-overskattat\\\/\"},\"wordCount\":71,\"image\":{\"@id\":\"https:\\\/\\\/dhr.se\\\/linkoping\\\/att-arbeta-ar-inte-det-lite-val-overskattat\\\/#primaryimage\"},\"thumbnailUrl\":\"https:\\\/\\\/dhr.se\\\/linkoping\\\/wp-content\\\/uploads\\\/sites\\\/24\\\/2020\\\/03\\\/Karro-Janna-poddbild-2020.jpg\",\"articleSection\":[\"Okategoriserad\"],\"inLanguage\":\"sv-SE\"},{\"@type\":\"WebPage\",\"@id\":\"https:\\\/\\\/dhr.se\\\/linkoping\\\/att-arbeta-ar-inte-det-lite-val-overskattat\\\/\",\"url\":\"https:\\\/\\\/dhr.se\\\/linkoping\\\/att-arbeta-ar-inte-det-lite-val-overskattat\\\/\",\"name\":\"Hur t\u00e4nkte ni nu? - DHR - Link\u00f6ping\",\"isPartOf\":{\"@id\":\"https:\\\/\\\/dhr.se\\\/linkoping\\\/#website\"},\"primaryImageOfPage\":{\"@id\":\"https:\\\/\\\/dhr.se\\\/linkoping\\\/att-arbeta-ar-inte-det-lite-val-overskattat\\\/#primaryimage\"},\"image\":{\"@id\":\"https:\\\/\\\/dhr.se\\\/linkoping\\\/att-arbeta-ar-inte-det-lite-val-overskattat\\\/#primaryimage\"},\"thumbnailUrl\":\"https:\\\/\\\/dhr.se\\\/linkoping\\\/wp-content\\\/uploads\\\/sites\\\/24\\\/2020\\\/03\\\/Karro-Janna-poddbild-2020.jpg\",\"datePublished\":\"2020-03-18T16:49:24+00:00\",\"dateModified\":\"2023-12-15T12:49:11+00:00\",\"author\":{\"@id\":\"\"},\"breadcrumb\":{\"@id\":\"https:\\\/\\\/dhr.se\\\/linkoping\\\/att-arbeta-ar-inte-det-lite-val-overskattat\\\/#breadcrumb\"},\"inLanguage\":\"sv-SE\",\"potentialAction\":[{\"@type\":\"ReadAction\",\"target\":[\"https:\\\/\\\/dhr.se\\\/linkoping\\\/att-arbeta-ar-inte-det-lite-val-overskattat\\\/\"]}]},{\"@type\":\"ImageObject\",\"inLanguage\":\"sv-SE\",\"@id\":\"https:\\\/\\\/dhr.se\\\/linkoping\\\/att-arbeta-ar-inte-det-lite-val-overskattat\\\/#primaryimage\",\"url\":\"https:\\\/\\\/dhr.se\\\/linkoping\\\/wp-content\\\/uploads\\\/sites\\\/24\\\/2020\\\/03\\\/Karro-Janna-poddbild-2020.jpg\",\"contentUrl\":\"https:\\\/\\\/dhr.se\\\/linkoping\\\/wp-content\\\/uploads\\\/sites\\\/24\\\/2020\\\/03\\\/Karro-Janna-poddbild-2020.jpg\",\"width\":2000,\"height\":1809},{\"@type\":\"BreadcrumbList\",\"@id\":\"https:\\\/\\\/dhr.se\\\/linkoping\\\/att-arbeta-ar-inte-det-lite-val-overskattat\\\/#breadcrumb\",\"itemListElement\":[{\"@type\":\"ListItem\",\"position\":1,\"name\":\"Hem\",\"item\":\"https:\\\/\\\/dhr.se\\\/linkoping\\\/\"},{\"@type\":\"ListItem\",\"position\":2,\"name\":\"Hur t\u00e4nkte ni nu?\"}]},{\"@type\":\"WebSite\",\"@id\":\"https:\\\/\\\/dhr.se\\\/linkoping\\\/#website\",\"url\":\"https:\\\/\\\/dhr.se\\\/linkoping\\\/\",\"name\":\"DHR - Link\u00f6ping\",\"description\":\"Delaktighet, r\u00f6relsefrihet och handlingskraft\",\"potentialAction\":[{\"@type\":\"SearchAction\",\"target\":{\"@type\":\"EntryPoint\",\"urlTemplate\":\"https:\\\/\\\/dhr.se\\\/linkoping\\\/?s={search_term_string}\"},\"query-input\":{\"@type\":\"PropertyValueSpecification\",\"valueRequired\":true,\"valueName\":\"search_term_string\"}}],\"inLanguage\":\"sv-SE\"},{\"@type\":\"Person\",\"@id\":\"\",\"url\":\"https:\\\/\\\/dhr.se\\\/linkoping\\\/author\\\/\"}]}<\/script>\n<!-- \/ Yoast SEO plugin. -->","yoast_head_json":{"title":"Hur t\u00e4nkte ni nu? - DHR - Link\u00f6ping","robots":{"index":"index","follow":"follow","max-snippet":"max-snippet:-1","max-image-preview":"max-image-preview:large","max-video-preview":"max-video-preview:-1"},"canonical":"https:\/\/dhr.se\/linkoping\/att-arbeta-ar-inte-det-lite-val-overskattat\/","og_locale":"sv_SE","og_type":"article","og_title":"Hur t\u00e4nkte ni nu? - DHR - Link\u00f6ping","og_description":"Det ingen brukar prata om n\u00e4r det handlar om funktionsneds\u00e4ttningar och de m\u00e4nniskor det handlar om \u2013 just det pratar Karolina Celinska och Janna Olzon fr\u00e5n DHR om i podden Hur t\u00e4nkte ni nu? Med humor och allvar ifr\u00e5gas\u00e4tter de[&hellip;]","og_url":"https:\/\/dhr.se\/linkoping\/att-arbeta-ar-inte-det-lite-val-overskattat\/","og_site_name":"DHR - Link\u00f6ping","article_published_time":"2020-03-18T16:49:24+00:00","article_modified_time":"2023-12-15T12:49:11+00:00","og_image":[{"width":2000,"height":1809,"url":"https:\/\/dhr.se\/linkoping\/wp-content\/uploads\/sites\/24\/2020\/03\/Karro-Janna-poddbild-2020.jpg","type":"image\/jpeg"}],"twitter_card":"summary_large_image","twitter_misc":{"Skriven av":"","Ber\u00e4knad l\u00e4stid":"1 minut"},"schema":{"@context":"https:\/\/schema.org","@graph":[{"@type":"Article","@id":"https:\/\/dhr.se\/linkoping\/att-arbeta-ar-inte-det-lite-val-overskattat\/#article","isPartOf":{"@id":"https:\/\/dhr.se\/linkoping\/att-arbeta-ar-inte-det-lite-val-overskattat\/"},"author":{"name":"","@id":""},"headline":"Hur t\u00e4nkte ni nu?","datePublished":"2020-03-18T16:49:24+00:00","dateModified":"2023-12-15T12:49:11+00:00","mainEntityOfPage":{"@id":"https:\/\/dhr.se\/linkoping\/att-arbeta-ar-inte-det-lite-val-overskattat\/"},"wordCount":71,"image":{"@id":"https:\/\/dhr.se\/linkoping\/att-arbeta-ar-inte-det-lite-val-overskattat\/#primaryimage"},"thumbnailUrl":"https:\/\/dhr.se\/linkoping\/wp-content\/uploads\/sites\/24\/2020\/03\/Karro-Janna-poddbild-2020.jpg","articleSection":["Okategoriserad"],"inLanguage":"sv-SE"},{"@type":"WebPage","@id":"https:\/\/dhr.se\/linkoping\/att-arbeta-ar-inte-det-lite-val-overskattat\/","url":"https:\/\/dhr.se\/linkoping\/att-arbeta-ar-inte-det-lite-val-overskattat\/","name":"Hur t\u00e4nkte ni nu? - DHR - Link\u00f6ping","isPartOf":{"@id":"https:\/\/dhr.se\/linkoping\/#website"},"primaryImageOfPage":{"@id":"https:\/\/dhr.se\/linkoping\/att-arbeta-ar-inte-det-lite-val-overskattat\/#primaryimage"},"image":{"@id":"https:\/\/dhr.se\/linkoping\/att-arbeta-ar-inte-det-lite-val-overskattat\/#primaryimage"},"thumbnailUrl":"https:\/\/dhr.se\/linkoping\/wp-content\/uploads\/sites\/24\/2020\/03\/Karro-Janna-poddbild-2020.jpg","datePublished":"2020-03-18T16:49:24+00:00","dateModified":"2023-12-15T12:49:11+00:00","author":{"@id":""},"breadcrumb":{"@id":"https:\/\/dhr.se\/linkoping\/att-arbeta-ar-inte-det-lite-val-overskattat\/#breadcrumb"},"inLanguage":"sv-SE","potentialAction":[{"@type":"ReadAction","target":["https:\/\/dhr.se\/linkoping\/att-arbeta-ar-inte-det-lite-val-overskattat\/"]}]},{"@type":"ImageObject","inLanguage":"sv-SE","@id":"https:\/\/dhr.se\/linkoping\/att-arbeta-ar-inte-det-lite-val-overskattat\/#primaryimage","url":"https:\/\/dhr.se\/linkoping\/wp-content\/uploads\/sites\/24\/2020\/03\/Karro-Janna-poddbild-2020.jpg","contentUrl":"https:\/\/dhr.se\/linkoping\/wp-content\/uploads\/sites\/24\/2020\/03\/Karro-Janna-poddbild-2020.jpg","width":2000,"height":1809},{"@type":"BreadcrumbList","@id":"https:\/\/dhr.se\/linkoping\/att-arbeta-ar-inte-det-lite-val-overskattat\/#breadcrumb","itemListElement":[{"@type":"ListItem","position":1,"name":"Hem","item":"https:\/\/dhr.se\/linkoping\/"},{"@type":"ListItem","position":2,"name":"Hur t\u00e4nkte ni nu?"}]},{"@type":"WebSite","@id":"https:\/\/dhr.se\/linkoping\/#website","url":"https:\/\/dhr.se\/linkoping\/","name":"DHR - Link\u00f6ping","description":"Delaktighet, r\u00f6relsefrihet och handlingskraft","potentialAction":[{"@type":"SearchAction","target":{"@type":"EntryPoint","urlTemplate":"https:\/\/dhr.se\/linkoping\/?s={search_term_string}"},"query-input":{"@type":"PropertyValueSpecification","valueRequired":true,"valueName":"search_term_string"}}],"inLanguage":"sv-SE"},{"@type":"Person","@id":"","url":"https:\/\/dhr.se\/linkoping\/author\/"}]}},"publishpress_future_action":{"enabled":false,"date":"2026-05-09 08:53:18","action":"change-status","newStatus":"draft","terms":[],"taxonomy":"category","extraData":[]},"publishpress_future_workflow_manual_trigger":{"enabledWorkflows":[]},"_links":{"self":[{"href":"https:\/\/dhr.se\/linkoping\/wp-json\/wp\/v2\/posts\/1806","targetHints":{"allow":["GET"]}}],"collection":[{"href":"https:\/\/dhr.se\/linkoping\/wp-json\/wp\/v2\/posts"}],"about":[{"href":"https:\/\/dhr.se\/linkoping\/wp-json\/wp\/v2\/types\/post"}],"author":[{"embeddable":true,"href":"https:\/\/dhr.se\/linkoping\/wp-json\/wp\/v2\/users\/1"}],"replies":[{"embeddable":true,"href":"https:\/\/dhr.se\/linkoping\/wp-json\/wp\/v2\/comments?post=1806"}],"version-history":[{"count":0,"href":"https:\/\/dhr.se\/linkoping\/wp-json\/wp\/v2\/posts\/1806\/revisions"}],"wp:featuredmedia":[{"embeddable":true,"href":"https:\/\/dhr.se\/linkoping\/wp-json\/wp\/v2\/media\/1807"}],"wp:attachment":[{"href":"https:\/\/dhr.se\/linkoping\/wp-json\/wp\/v2\/media?parent=1806"}],"wp:term":[{"taxonomy":"category","embeddable":true,"href":"https:\/\/dhr.se\/linkoping\/wp-json\/wp\/v2\/categories?post=1806"},{"taxonomy":"post_tag","embeddable":true,"href":"https:\/\/dhr.se\/linkoping\/wp-json\/wp\/v2\/tags?post=1806"}],"curies":[{"name":"wp","href":"https:\/\/api.w.org\/{rel}","templated":true}]}}