{"id":2140,"date":"2021-01-21T20:06:02","date_gmt":"2021-01-21T19:06:02","guid":{"rendered":"http:\/\/dhr.se\/orebro\/?p=2140"},"modified":"2021-01-22T14:11:12","modified_gmt":"2021-01-22T13:11:12","slug":"inte-bara-hemtjanst","status":"publish","type":"post","link":"https:\/\/dhr.se\/orebro\/inte-bara-hemtjanst\/","title":{"rendered":"Inte bara hemtj\u00e4nst &#8211; \u00e4ven personlig assistans m\u00e5ste prioriteras"},"content":{"rendered":"\n<p>N\u00e4r det nu \u00e4r dags att b\u00f6rja vaccinera mot Covid-19 talas det om att personer i riskgrupp som har hemtj\u00e4nst ska prioriteras. \u00c4ven hemtj\u00e4nstpersonalen ska tydligen vaccineras tidigt.<\/p>\n\n\n\n<p>Vi f\u00e5r inte gl\u00f6mma bort att det idag finns m\u00e5nga funktionsnedsatta personer som tillh\u00f6r en riskgrupp som inte har hemtj\u00e4nst utan f\u00e5r sin hj\u00e4lp av personliga assistenter.<\/p>\n\n\n\n<p>Vi i DHR f\u00f6ruts\u00e4tter att personer som lever med personlig assistans kommer att prioriteras lika h\u00f6gt som den som har hemtj\u00e4nst. Detta g\u00e4ller \u00e4ven personerna som utf\u00f6r assistansen<\/p>\n","protected":false},"excerpt":{"rendered":"<p>N\u00e4r det nu \u00e4r dags att b\u00f6rja vaccinera mot Covid-19 talas det om att personer i riskgrupp som har hemtj\u00e4nst ska prioriteras. \u00c4ven hemtj\u00e4nstpersonalen ska tydligen vaccineras tidigt. Vi f\u00e5r inte gl\u00f6mma bort att det idag finns m\u00e5nga funktionsnedsatta personer[&hellip;]<\/p>\n","protected":false},"author":25,"featured_media":0,"comment_status":"closed","ping_status":"open","sticky":false,"template":"","format":"standard","meta":{"_acf_changed":false,"_monsterinsights_skip_tracking":false,"_monsterinsights_sitenote_active":false,"_monsterinsights_sitenote_note":"","_monsterinsights_sitenote_category":0,"footnotes":""},"categories":[1],"tags":[],"class_list":["post-2140","post","type-post","status-publish","format-standard","hentry","category-okategoriserad"],"acf":[],"yoast_head":"<!-- This site is optimized with the Yoast SEO plugin v27.2 - https:\/\/yoast.com\/product\/yoast-seo-wordpress\/ -->\n<title>Inte bara hemtj\u00e4nst - \u00e4ven personlig assistans m\u00e5ste prioriteras - DHR - \u00d6rebro<\/title>\n<meta name=\"robots\" content=\"index, follow, max-snippet:-1, max-image-preview:large, max-video-preview:-1\" \/>\n<link rel=\"canonical\" href=\"https:\/\/dhr.se\/orebro\/inte-bara-hemtjanst\/\" \/>\n<meta property=\"og:locale\" content=\"sv_SE\" \/>\n<meta property=\"og:type\" content=\"article\" \/>\n<meta property=\"og:title\" content=\"Inte bara hemtj\u00e4nst - \u00e4ven personlig assistans m\u00e5ste prioriteras - DHR - \u00d6rebro\" \/>\n<meta property=\"og:description\" content=\"N\u00e4r det nu \u00e4r dags att b\u00f6rja vaccinera mot Covid-19 talas det om att personer i riskgrupp som har hemtj\u00e4nst ska prioriteras. \u00c4ven hemtj\u00e4nstpersonalen ska tydligen vaccineras tidigt. Vi f\u00e5r inte gl\u00f6mma bort att det idag finns m\u00e5nga funktionsnedsatta personer[&hellip;]\" \/>\n<meta property=\"og:url\" content=\"https:\/\/dhr.se\/orebro\/inte-bara-hemtjanst\/\" \/>\n<meta property=\"og:site_name\" content=\"DHR - \u00d6rebro\" \/>\n<meta property=\"article:published_time\" content=\"2021-01-21T19:06:02+00:00\" \/>\n<meta property=\"article:modified_time\" content=\"2021-01-22T13:11:12+00:00\" \/>\n<meta property=\"og:image\" content=\"https:\/\/dhr.se\/orebro\/wp-content\/uploads\/sites\/23\/2020\/03\/Best\u00e4mma-\u00f6ver-sitt-liv-st\u00e5ende.jpg\" \/>\n\t<meta property=\"og:image:width\" content=\"916\" \/>\n\t<meta property=\"og:image:height\" content=\"1174\" \/>\n\t<meta property=\"og:image:type\" content=\"image\/jpeg\" \/>\n<meta name=\"twitter:card\" content=\"summary_large_image\" \/>\n<meta name=\"twitter:label1\" content=\"Skriven av\" \/>\n\t<meta name=\"twitter:data1\" content=\"\" \/>\n\t<meta name=\"twitter:label2\" content=\"Ber\u00e4knad l\u00e4stid\" \/>\n\t<meta name=\"twitter:data2\" content=\"1 minut\" \/>\n<script type=\"application\/ld+json\" class=\"yoast-schema-graph\">{\"@context\":\"https:\/\/schema.org\",\"@graph\":[{\"@type\":\"Article\",\"@id\":\"https:\/\/dhr.se\/orebro\/inte-bara-hemtjanst\/#article\",\"isPartOf\":{\"@id\":\"https:\/\/dhr.se\/orebro\/inte-bara-hemtjanst\/\"},\"author\":{\"name\":\"\",\"@id\":\"\"},\"headline\":\"Inte bara hemtj\u00e4nst &#8211; \u00e4ven personlig assistans m\u00e5ste prioriteras\",\"datePublished\":\"2021-01-21T19:06:02+00:00\",\"dateModified\":\"2021-01-22T13:11:12+00:00\",\"mainEntityOfPage\":{\"@id\":\"https:\/\/dhr.se\/orebro\/inte-bara-hemtjanst\/\"},\"wordCount\":111,\"articleSection\":[\"Okategoriserad\"],\"inLanguage\":\"sv-SE\"},{\"@type\":\"WebPage\",\"@id\":\"https:\/\/dhr.se\/orebro\/inte-bara-hemtjanst\/\",\"url\":\"https:\/\/dhr.se\/orebro\/inte-bara-hemtjanst\/\",\"name\":\"Inte bara hemtj\u00e4nst - \u00e4ven personlig assistans m\u00e5ste prioriteras - DHR - \u00d6rebro\",\"isPartOf\":{\"@id\":\"https:\/\/dhr.se\/orebro\/#website\"},\"datePublished\":\"2021-01-21T19:06:02+00:00\",\"dateModified\":\"2021-01-22T13:11:12+00:00\",\"author\":{\"@id\":\"\"},\"breadcrumb\":{\"@id\":\"https:\/\/dhr.se\/orebro\/inte-bara-hemtjanst\/#breadcrumb\"},\"inLanguage\":\"sv-SE\",\"potentialAction\":[{\"@type\":\"ReadAction\",\"target\":[\"https:\/\/dhr.se\/orebro\/inte-bara-hemtjanst\/\"]}]},{\"@type\":\"BreadcrumbList\",\"@id\":\"https:\/\/dhr.se\/orebro\/inte-bara-hemtjanst\/#breadcrumb\",\"itemListElement\":[{\"@type\":\"ListItem\",\"position\":1,\"name\":\"Hem\",\"item\":\"https:\/\/dhr.se\/orebro\/\"},{\"@type\":\"ListItem\",\"position\":2,\"name\":\"Inte bara hemtj\u00e4nst &#8211; \u00e4ven personlig assistans m\u00e5ste prioriteras\"}]},{\"@type\":\"WebSite\",\"@id\":\"https:\/\/dhr.se\/orebro\/#website\",\"url\":\"https:\/\/dhr.se\/orebro\/\",\"name\":\"DHR - \u00d6rebro\",\"description\":\"Delaktighet, r\u00f6relsefrihet och handlingskraft\",\"potentialAction\":[{\"@type\":\"SearchAction\",\"target\":{\"@type\":\"EntryPoint\",\"urlTemplate\":\"https:\/\/dhr.se\/orebro\/?s={search_term_string}\"},\"query-input\":{\"@type\":\"PropertyValueSpecification\",\"valueRequired\":true,\"valueName\":\"search_term_string\"}}],\"inLanguage\":\"sv-SE\"},{\"@type\":\"Person\",\"@id\":\"\",\"url\":\"https:\/\/dhr.se\/orebro\/author\/\"}]}<\/script>\n<!-- \/ Yoast SEO plugin. -->","yoast_head_json":{"title":"Inte bara hemtj\u00e4nst - \u00e4ven personlig assistans m\u00e5ste prioriteras - DHR - \u00d6rebro","robots":{"index":"index","follow":"follow","max-snippet":"max-snippet:-1","max-image-preview":"max-image-preview:large","max-video-preview":"max-video-preview:-1"},"canonical":"https:\/\/dhr.se\/orebro\/inte-bara-hemtjanst\/","og_locale":"sv_SE","og_type":"article","og_title":"Inte bara hemtj\u00e4nst - \u00e4ven personlig assistans m\u00e5ste prioriteras - DHR - \u00d6rebro","og_description":"N\u00e4r det nu \u00e4r dags att b\u00f6rja vaccinera mot Covid-19 talas det om att personer i riskgrupp som har hemtj\u00e4nst ska prioriteras. \u00c4ven hemtj\u00e4nstpersonalen ska tydligen vaccineras tidigt. Vi f\u00e5r inte gl\u00f6mma bort att det idag finns m\u00e5nga funktionsnedsatta personer[&hellip;]","og_url":"https:\/\/dhr.se\/orebro\/inte-bara-hemtjanst\/","og_site_name":"DHR - \u00d6rebro","article_published_time":"2021-01-21T19:06:02+00:00","article_modified_time":"2021-01-22T13:11:12+00:00","og_image":[{"width":916,"height":1174,"url":"https:\/\/dhr.se\/orebro\/wp-content\/uploads\/sites\/23\/2020\/03\/Best\u00e4mma-\u00f6ver-sitt-liv-st\u00e5ende.jpg","type":"image\/jpeg"}],"twitter_card":"summary_large_image","twitter_misc":{"Skriven av":"","Ber\u00e4knad l\u00e4stid":"1 minut"},"schema":{"@context":"https:\/\/schema.org","@graph":[{"@type":"Article","@id":"https:\/\/dhr.se\/orebro\/inte-bara-hemtjanst\/#article","isPartOf":{"@id":"https:\/\/dhr.se\/orebro\/inte-bara-hemtjanst\/"},"author":{"name":"","@id":""},"headline":"Inte bara hemtj\u00e4nst &#8211; \u00e4ven personlig assistans m\u00e5ste prioriteras","datePublished":"2021-01-21T19:06:02+00:00","dateModified":"2021-01-22T13:11:12+00:00","mainEntityOfPage":{"@id":"https:\/\/dhr.se\/orebro\/inte-bara-hemtjanst\/"},"wordCount":111,"articleSection":["Okategoriserad"],"inLanguage":"sv-SE"},{"@type":"WebPage","@id":"https:\/\/dhr.se\/orebro\/inte-bara-hemtjanst\/","url":"https:\/\/dhr.se\/orebro\/inte-bara-hemtjanst\/","name":"Inte bara hemtj\u00e4nst - \u00e4ven personlig assistans m\u00e5ste prioriteras - DHR - \u00d6rebro","isPartOf":{"@id":"https:\/\/dhr.se\/orebro\/#website"},"datePublished":"2021-01-21T19:06:02+00:00","dateModified":"2021-01-22T13:11:12+00:00","author":{"@id":""},"breadcrumb":{"@id":"https:\/\/dhr.se\/orebro\/inte-bara-hemtjanst\/#breadcrumb"},"inLanguage":"sv-SE","potentialAction":[{"@type":"ReadAction","target":["https:\/\/dhr.se\/orebro\/inte-bara-hemtjanst\/"]}]},{"@type":"BreadcrumbList","@id":"https:\/\/dhr.se\/orebro\/inte-bara-hemtjanst\/#breadcrumb","itemListElement":[{"@type":"ListItem","position":1,"name":"Hem","item":"https:\/\/dhr.se\/orebro\/"},{"@type":"ListItem","position":2,"name":"Inte bara hemtj\u00e4nst &#8211; \u00e4ven personlig assistans m\u00e5ste prioriteras"}]},{"@type":"WebSite","@id":"https:\/\/dhr.se\/orebro\/#website","url":"https:\/\/dhr.se\/orebro\/","name":"DHR - \u00d6rebro","description":"Delaktighet, r\u00f6relsefrihet och handlingskraft","potentialAction":[{"@type":"SearchAction","target":{"@type":"EntryPoint","urlTemplate":"https:\/\/dhr.se\/orebro\/?s={search_term_string}"},"query-input":{"@type":"PropertyValueSpecification","valueRequired":true,"valueName":"search_term_string"}}],"inLanguage":"sv-SE"},{"@type":"Person","@id":"","url":"https:\/\/dhr.se\/orebro\/author\/"}]}},"publishpress_future_action":{"enabled":false,"date":"2026-05-04 21:50:05","action":"change-status","newStatus":"draft","terms":[],"taxonomy":"category","extraData":[]},"publishpress_future_workflow_manual_trigger":{"enabledWorkflows":[]},"_links":{"self":[{"href":"https:\/\/dhr.se\/orebro\/wp-json\/wp\/v2\/posts\/2140","targetHints":{"allow":["GET"]}}],"collection":[{"href":"https:\/\/dhr.se\/orebro\/wp-json\/wp\/v2\/posts"}],"about":[{"href":"https:\/\/dhr.se\/orebro\/wp-json\/wp\/v2\/types\/post"}],"author":[{"embeddable":true,"href":"https:\/\/dhr.se\/orebro\/wp-json\/wp\/v2\/users\/25"}],"replies":[{"embeddable":true,"href":"https:\/\/dhr.se\/orebro\/wp-json\/wp\/v2\/comments?post=2140"}],"version-history":[{"count":0,"href":"https:\/\/dhr.se\/orebro\/wp-json\/wp\/v2\/posts\/2140\/revisions"}],"wp:attachment":[{"href":"https:\/\/dhr.se\/orebro\/wp-json\/wp\/v2\/media?parent=2140"}],"wp:term":[{"taxonomy":"category","embeddable":true,"href":"https:\/\/dhr.se\/orebro\/wp-json\/wp\/v2\/categories?post=2140"},{"taxonomy":"post_tag","embeddable":true,"href":"https:\/\/dhr.se\/orebro\/wp-json\/wp\/v2\/tags?post=2140"}],"curies":[{"name":"wp","href":"https:\/\/api.w.org\/{rel}","templated":true}]}}