{"id":2202,"date":"2021-01-22T16:09:56","date_gmt":"2021-01-22T15:09:56","guid":{"rendered":"http:\/\/dhr.se\/orebro\/?p=2202"},"modified":"2021-04-29T13:01:31","modified_gmt":"2021-04-29T11:01:31","slug":"alla-resor-med-serviceresor-kan-inte-genomforas","status":"publish","type":"post","link":"https:\/\/dhr.se\/orebro\/alla-resor-med-serviceresor-kan-inte-genomforas\/","title":{"rendered":"Alla resor med Serviceresor kan inte genomf\u00f6ras"},"content":{"rendered":"\n<p> L\u00e4nstrafiken anser numera exempelvis att resor till DAGLIG VERKSAMHET inte \u00e4r lika viktiga som resor till ARBETE.<\/p>\n\n\n\n<p class=\"has-text-align-left has-medium-font-size\"><strong>Nu g\u00e4llande prioriteringsordning<\/strong>:<\/p>\n\n\n\n<p>1. Resor till och fr\u00e5n v\u00e5rd. <\/p>\n\n\n\n<p>2. Resor f\u00f6r elever till och fr\u00e5n skolan och fritids. <\/p>\n\n\n\n<p>3. F\u00e4rdtj\u00e4nstresor till och fr\u00e5n <strong>arbeten<\/strong>. <\/p>\n\n\n\n<p>4. F\u00e4rdtj\u00e4nstresor f\u00f6r privata \u00e4renden t.ex. resa f\u00f6r att handla mat, h\u00e4mta medicin, bes\u00f6ka anh\u00f6rig. <\/p>\n\n\n\n<p>5. Resa fr\u00e5n bostad till verksamhet t.ex. demens, rehab eller social dagverksamhet f\u00f6r \u00e4ldre. <\/p>\n\n\n\n<p>6. F\u00e4rdtj\u00e4nstresor till och fr\u00e5n <strong>daglig verksamhet<\/strong>. <\/p>\n\n\n\n<p>7. F\u00e4rdtj\u00e4nst d\u00e4r den som \u00e5ker inte \u00e4r skriven i v\u00e5rt l\u00e4n utan \u00e4r p\u00e5 bes\u00f6k fr\u00e5n annat l\u00e4n. <\/p>\n\n\n\n<p>8. Resa mellan bostad och kommunala boenden f\u00f6r personer som inte har f\u00e4rdtj\u00e4nst. <\/p>\n\n\n\n<p>9. Resor som \u00e4r l\u00e4ngre \u00e4n 3 mil utanf\u00f6r l\u00e4nsgr\u00e4ns som person med funktionsneds\u00e4ttning kan ans\u00f6ka om. <\/p>\n\n\n\n<p>10. Flextrafik. <\/p>\n\n\n\n<p>11. Kompletteringstrafik\/n\u00e4rtrafik \u2013 resor d\u00e4r allm\u00e4n kollektivtrafik saknas. <\/p>\n\n\n\n<p>12. Resor under skoltid- t.ex. f\u00f6r att \u00e5ka och bada som best\u00e4lls av skolpersonal. <\/p>\n","protected":false},"excerpt":{"rendered":"<p>L\u00e4nstrafiken anser numera exempelvis att resor till DAGLIG VERKSAMHET inte \u00e4r lika viktiga som resor till ARBETE. Nu g\u00e4llande prioriteringsordning: 1. Resor till och fr\u00e5n v\u00e5rd. 2. Resor f\u00f6r elever till och fr\u00e5n skolan och fritids. 3. F\u00e4rdtj\u00e4nstresor till och[&hellip;]<\/p>\n","protected":false},"author":25,"featured_media":2200,"comment_status":"closed","ping_status":"open","sticky":false,"template":"","format":"standard","meta":{"_acf_changed":false,"_monsterinsights_skip_tracking":false,"_monsterinsights_sitenote_active":false,"_monsterinsights_sitenote_note":"","_monsterinsights_sitenote_category":0,"footnotes":""},"categories":[1],"tags":[],"class_list":["post-2202","post","type-post","status-publish","format-standard","has-post-thumbnail","hentry","category-okategoriserad"],"acf":[],"yoast_head":"<!-- This site is optimized with the Yoast SEO plugin v27.2 - https:\/\/yoast.com\/product\/yoast-seo-wordpress\/ -->\n<title>Alla resor med Serviceresor kan inte genomf\u00f6ras - DHR - \u00d6rebro<\/title>\n<meta name=\"robots\" content=\"index, follow, max-snippet:-1, max-image-preview:large, max-video-preview:-1\" \/>\n<link rel=\"canonical\" href=\"https:\/\/dhr.se\/orebro\/alla-resor-med-serviceresor-kan-inte-genomforas\/\" \/>\n<meta property=\"og:locale\" content=\"sv_SE\" \/>\n<meta property=\"og:type\" content=\"article\" \/>\n<meta property=\"og:title\" content=\"Alla resor med Serviceresor kan inte genomf\u00f6ras - DHR - \u00d6rebro\" \/>\n<meta property=\"og:description\" content=\"L\u00e4nstrafiken anser numera exempelvis att resor till DAGLIG VERKSAMHET inte \u00e4r lika viktiga som resor till ARBETE. Nu g\u00e4llande prioriteringsordning: 1. Resor till och fr\u00e5n v\u00e5rd. 2. Resor f\u00f6r elever till och fr\u00e5n skolan och fritids. 3. F\u00e4rdtj\u00e4nstresor till och[&hellip;]\" \/>\n<meta property=\"og:url\" content=\"https:\/\/dhr.se\/orebro\/alla-resor-med-serviceresor-kan-inte-genomforas\/\" \/>\n<meta property=\"og:site_name\" content=\"DHR - \u00d6rebro\" \/>\n<meta property=\"article:published_time\" content=\"2021-01-22T15:09:56+00:00\" \/>\n<meta property=\"article:modified_time\" content=\"2021-04-29T11:01:31+00:00\" \/>\n<meta property=\"og:image\" content=\"https:\/\/dhr.se\/orebro\/wp-content\/uploads\/sites\/23\/2021\/01\/trafikstart_serviceresor_nya_fordon_minibuss-1.jpg\" \/>\n\t<meta property=\"og:image:width\" content=\"600\" \/>\n\t<meta property=\"og:image:height\" content=\"338\" \/>\n\t<meta property=\"og:image:type\" content=\"image\/jpeg\" \/>\n<meta name=\"twitter:card\" content=\"summary_large_image\" \/>\n<meta name=\"twitter:label1\" content=\"Skriven av\" \/>\n\t<meta name=\"twitter:data1\" content=\"\" \/>\n\t<meta name=\"twitter:label2\" content=\"Ber\u00e4knad l\u00e4stid\" \/>\n\t<meta name=\"twitter:data2\" content=\"1 minut\" \/>\n<script type=\"application\/ld+json\" class=\"yoast-schema-graph\">{\"@context\":\"https:\/\/schema.org\",\"@graph\":[{\"@type\":\"Article\",\"@id\":\"https:\/\/dhr.se\/orebro\/alla-resor-med-serviceresor-kan-inte-genomforas\/#article\",\"isPartOf\":{\"@id\":\"https:\/\/dhr.se\/orebro\/alla-resor-med-serviceresor-kan-inte-genomforas\/\"},\"author\":{\"name\":\"\",\"@id\":\"\"},\"headline\":\"Alla resor med Serviceresor kan inte genomf\u00f6ras\",\"datePublished\":\"2021-01-22T15:09:56+00:00\",\"dateModified\":\"2021-04-29T11:01:31+00:00\",\"mainEntityOfPage\":{\"@id\":\"https:\/\/dhr.se\/orebro\/alla-resor-med-serviceresor-kan-inte-genomforas\/\"},\"wordCount\":192,\"image\":{\"@id\":\"https:\/\/dhr.se\/orebro\/alla-resor-med-serviceresor-kan-inte-genomforas\/#primaryimage\"},\"thumbnailUrl\":\"https:\/\/dhr.se\/orebro\/wp-content\/uploads\/sites\/23\/2021\/01\/trafikstart_serviceresor_nya_fordon_minibuss-1.jpg\",\"articleSection\":[\"Okategoriserad\"],\"inLanguage\":\"sv-SE\"},{\"@type\":\"WebPage\",\"@id\":\"https:\/\/dhr.se\/orebro\/alla-resor-med-serviceresor-kan-inte-genomforas\/\",\"url\":\"https:\/\/dhr.se\/orebro\/alla-resor-med-serviceresor-kan-inte-genomforas\/\",\"name\":\"Alla resor med Serviceresor kan inte genomf\u00f6ras - DHR - \u00d6rebro\",\"isPartOf\":{\"@id\":\"https:\/\/dhr.se\/orebro\/#website\"},\"primaryImageOfPage\":{\"@id\":\"https:\/\/dhr.se\/orebro\/alla-resor-med-serviceresor-kan-inte-genomforas\/#primaryimage\"},\"image\":{\"@id\":\"https:\/\/dhr.se\/orebro\/alla-resor-med-serviceresor-kan-inte-genomforas\/#primaryimage\"},\"thumbnailUrl\":\"https:\/\/dhr.se\/orebro\/wp-content\/uploads\/sites\/23\/2021\/01\/trafikstart_serviceresor_nya_fordon_minibuss-1.jpg\",\"datePublished\":\"2021-01-22T15:09:56+00:00\",\"dateModified\":\"2021-04-29T11:01:31+00:00\",\"author\":{\"@id\":\"\"},\"breadcrumb\":{\"@id\":\"https:\/\/dhr.se\/orebro\/alla-resor-med-serviceresor-kan-inte-genomforas\/#breadcrumb\"},\"inLanguage\":\"sv-SE\",\"potentialAction\":[{\"@type\":\"ReadAction\",\"target\":[\"https:\/\/dhr.se\/orebro\/alla-resor-med-serviceresor-kan-inte-genomforas\/\"]}]},{\"@type\":\"ImageObject\",\"inLanguage\":\"sv-SE\",\"@id\":\"https:\/\/dhr.se\/orebro\/alla-resor-med-serviceresor-kan-inte-genomforas\/#primaryimage\",\"url\":\"https:\/\/dhr.se\/orebro\/wp-content\/uploads\/sites\/23\/2021\/01\/trafikstart_serviceresor_nya_fordon_minibuss-1.jpg\",\"contentUrl\":\"https:\/\/dhr.se\/orebro\/wp-content\/uploads\/sites\/23\/2021\/01\/trafikstart_serviceresor_nya_fordon_minibuss-1.jpg\",\"width\":600,\"height\":338},{\"@type\":\"BreadcrumbList\",\"@id\":\"https:\/\/dhr.se\/orebro\/alla-resor-med-serviceresor-kan-inte-genomforas\/#breadcrumb\",\"itemListElement\":[{\"@type\":\"ListItem\",\"position\":1,\"name\":\"Hem\",\"item\":\"https:\/\/dhr.se\/orebro\/\"},{\"@type\":\"ListItem\",\"position\":2,\"name\":\"Alla resor med Serviceresor kan inte genomf\u00f6ras\"}]},{\"@type\":\"WebSite\",\"@id\":\"https:\/\/dhr.se\/orebro\/#website\",\"url\":\"https:\/\/dhr.se\/orebro\/\",\"name\":\"DHR - \u00d6rebro\",\"description\":\"Delaktighet, r\u00f6relsefrihet och handlingskraft\",\"potentialAction\":[{\"@type\":\"SearchAction\",\"target\":{\"@type\":\"EntryPoint\",\"urlTemplate\":\"https:\/\/dhr.se\/orebro\/?s={search_term_string}\"},\"query-input\":{\"@type\":\"PropertyValueSpecification\",\"valueRequired\":true,\"valueName\":\"search_term_string\"}}],\"inLanguage\":\"sv-SE\"},{\"@type\":\"Person\",\"@id\":\"\",\"url\":\"https:\/\/dhr.se\/orebro\/author\/\"}]}<\/script>\n<!-- \/ Yoast SEO plugin. -->","yoast_head_json":{"title":"Alla resor med Serviceresor kan inte genomf\u00f6ras - DHR - \u00d6rebro","robots":{"index":"index","follow":"follow","max-snippet":"max-snippet:-1","max-image-preview":"max-image-preview:large","max-video-preview":"max-video-preview:-1"},"canonical":"https:\/\/dhr.se\/orebro\/alla-resor-med-serviceresor-kan-inte-genomforas\/","og_locale":"sv_SE","og_type":"article","og_title":"Alla resor med Serviceresor kan inte genomf\u00f6ras - DHR - \u00d6rebro","og_description":"L\u00e4nstrafiken anser numera exempelvis att resor till DAGLIG VERKSAMHET inte \u00e4r lika viktiga som resor till ARBETE. Nu g\u00e4llande prioriteringsordning: 1. Resor till och fr\u00e5n v\u00e5rd. 2. Resor f\u00f6r elever till och fr\u00e5n skolan och fritids. 3. F\u00e4rdtj\u00e4nstresor till och[&hellip;]","og_url":"https:\/\/dhr.se\/orebro\/alla-resor-med-serviceresor-kan-inte-genomforas\/","og_site_name":"DHR - \u00d6rebro","article_published_time":"2021-01-22T15:09:56+00:00","article_modified_time":"2021-04-29T11:01:31+00:00","og_image":[{"width":600,"height":338,"url":"https:\/\/dhr.se\/orebro\/wp-content\/uploads\/sites\/23\/2021\/01\/trafikstart_serviceresor_nya_fordon_minibuss-1.jpg","type":"image\/jpeg"}],"twitter_card":"summary_large_image","twitter_misc":{"Skriven av":"","Ber\u00e4knad l\u00e4stid":"1 minut"},"schema":{"@context":"https:\/\/schema.org","@graph":[{"@type":"Article","@id":"https:\/\/dhr.se\/orebro\/alla-resor-med-serviceresor-kan-inte-genomforas\/#article","isPartOf":{"@id":"https:\/\/dhr.se\/orebro\/alla-resor-med-serviceresor-kan-inte-genomforas\/"},"author":{"name":"","@id":""},"headline":"Alla resor med Serviceresor kan inte genomf\u00f6ras","datePublished":"2021-01-22T15:09:56+00:00","dateModified":"2021-04-29T11:01:31+00:00","mainEntityOfPage":{"@id":"https:\/\/dhr.se\/orebro\/alla-resor-med-serviceresor-kan-inte-genomforas\/"},"wordCount":192,"image":{"@id":"https:\/\/dhr.se\/orebro\/alla-resor-med-serviceresor-kan-inte-genomforas\/#primaryimage"},"thumbnailUrl":"https:\/\/dhr.se\/orebro\/wp-content\/uploads\/sites\/23\/2021\/01\/trafikstart_serviceresor_nya_fordon_minibuss-1.jpg","articleSection":["Okategoriserad"],"inLanguage":"sv-SE"},{"@type":"WebPage","@id":"https:\/\/dhr.se\/orebro\/alla-resor-med-serviceresor-kan-inte-genomforas\/","url":"https:\/\/dhr.se\/orebro\/alla-resor-med-serviceresor-kan-inte-genomforas\/","name":"Alla resor med Serviceresor kan inte genomf\u00f6ras - DHR - \u00d6rebro","isPartOf":{"@id":"https:\/\/dhr.se\/orebro\/#website"},"primaryImageOfPage":{"@id":"https:\/\/dhr.se\/orebro\/alla-resor-med-serviceresor-kan-inte-genomforas\/#primaryimage"},"image":{"@id":"https:\/\/dhr.se\/orebro\/alla-resor-med-serviceresor-kan-inte-genomforas\/#primaryimage"},"thumbnailUrl":"https:\/\/dhr.se\/orebro\/wp-content\/uploads\/sites\/23\/2021\/01\/trafikstart_serviceresor_nya_fordon_minibuss-1.jpg","datePublished":"2021-01-22T15:09:56+00:00","dateModified":"2021-04-29T11:01:31+00:00","author":{"@id":""},"breadcrumb":{"@id":"https:\/\/dhr.se\/orebro\/alla-resor-med-serviceresor-kan-inte-genomforas\/#breadcrumb"},"inLanguage":"sv-SE","potentialAction":[{"@type":"ReadAction","target":["https:\/\/dhr.se\/orebro\/alla-resor-med-serviceresor-kan-inte-genomforas\/"]}]},{"@type":"ImageObject","inLanguage":"sv-SE","@id":"https:\/\/dhr.se\/orebro\/alla-resor-med-serviceresor-kan-inte-genomforas\/#primaryimage","url":"https:\/\/dhr.se\/orebro\/wp-content\/uploads\/sites\/23\/2021\/01\/trafikstart_serviceresor_nya_fordon_minibuss-1.jpg","contentUrl":"https:\/\/dhr.se\/orebro\/wp-content\/uploads\/sites\/23\/2021\/01\/trafikstart_serviceresor_nya_fordon_minibuss-1.jpg","width":600,"height":338},{"@type":"BreadcrumbList","@id":"https:\/\/dhr.se\/orebro\/alla-resor-med-serviceresor-kan-inte-genomforas\/#breadcrumb","itemListElement":[{"@type":"ListItem","position":1,"name":"Hem","item":"https:\/\/dhr.se\/orebro\/"},{"@type":"ListItem","position":2,"name":"Alla resor med Serviceresor kan inte genomf\u00f6ras"}]},{"@type":"WebSite","@id":"https:\/\/dhr.se\/orebro\/#website","url":"https:\/\/dhr.se\/orebro\/","name":"DHR - \u00d6rebro","description":"Delaktighet, r\u00f6relsefrihet och handlingskraft","potentialAction":[{"@type":"SearchAction","target":{"@type":"EntryPoint","urlTemplate":"https:\/\/dhr.se\/orebro\/?s={search_term_string}"},"query-input":{"@type":"PropertyValueSpecification","valueRequired":true,"valueName":"search_term_string"}}],"inLanguage":"sv-SE"},{"@type":"Person","@id":"","url":"https:\/\/dhr.se\/orebro\/author\/"}]}},"publishpress_future_action":{"enabled":false,"date":"2026-05-04 21:59:08","action":"change-status","newStatus":"draft","terms":[],"taxonomy":"category","extraData":[]},"publishpress_future_workflow_manual_trigger":{"enabledWorkflows":[]},"_links":{"self":[{"href":"https:\/\/dhr.se\/orebro\/wp-json\/wp\/v2\/posts\/2202","targetHints":{"allow":["GET"]}}],"collection":[{"href":"https:\/\/dhr.se\/orebro\/wp-json\/wp\/v2\/posts"}],"about":[{"href":"https:\/\/dhr.se\/orebro\/wp-json\/wp\/v2\/types\/post"}],"author":[{"embeddable":true,"href":"https:\/\/dhr.se\/orebro\/wp-json\/wp\/v2\/users\/25"}],"replies":[{"embeddable":true,"href":"https:\/\/dhr.se\/orebro\/wp-json\/wp\/v2\/comments?post=2202"}],"version-history":[{"count":0,"href":"https:\/\/dhr.se\/orebro\/wp-json\/wp\/v2\/posts\/2202\/revisions"}],"wp:featuredmedia":[{"embeddable":true,"href":"https:\/\/dhr.se\/orebro\/wp-json\/wp\/v2\/media\/2200"}],"wp:attachment":[{"href":"https:\/\/dhr.se\/orebro\/wp-json\/wp\/v2\/media?parent=2202"}],"wp:term":[{"taxonomy":"category","embeddable":true,"href":"https:\/\/dhr.se\/orebro\/wp-json\/wp\/v2\/categories?post=2202"},{"taxonomy":"post_tag","embeddable":true,"href":"https:\/\/dhr.se\/orebro\/wp-json\/wp\/v2\/tags?post=2202"}],"curies":[{"name":"wp","href":"https:\/\/api.w.org\/{rel}","templated":true}]}}