{"id":2547,"date":"2021-03-19T20:31:48","date_gmt":"2021-03-19T19:31:48","guid":{"rendered":"http:\/\/dhr.se\/orebro\/?p=2547"},"modified":"2021-05-20T12:31:15","modified_gmt":"2021-05-20T10:31:15","slug":"fran-1-april-2021-betalas-sjukresor-via-faktura","status":"publish","type":"post","link":"https:\/\/dhr.se\/orebro\/fran-1-april-2021-betalas-sjukresor-via-faktura\/","title":{"rendered":"Fr\u00e5n 1 april 2021 betalas alla sjukresor via faktura"},"content":{"rendered":"\n<p><strong>Fr\u00e5n och med den 1 april kommer egenavgiften f\u00f6r SJUKRESOR att debiteras resen\u00e4ren i efterhand med en m\u00e5nadsfaktura. Resor med F\u00c4RDTJ\u00c4NST ska dock betalas direkt till chauff\u00f6ren precis som tidigare.<\/strong><\/p>\n\n\n\n<p>Viktigt att komma ih\u00e5g f\u00f6r personer med f\u00e4rdtj\u00e4nsttillst\u00e5nd:<\/p>\n\n\n\n<p><strong>SJUKRESA<\/strong> = resa till eller fr\u00e5n v\u00e5rden betalas med faktura efterhand. Ingen betalning till chauff\u00f6ren.<\/p>\n\n\n\n<p><strong>F\u00c4RDTJ\u00c4NSTRESA<\/strong> = alla andra resor betalas med kort eller kontant direkt till chauff\u00f6ren.<\/p>\n","protected":false},"excerpt":{"rendered":"<p>Fr\u00e5n och med den 1 april kommer egenavgiften f\u00f6r SJUKRESOR att debiteras resen\u00e4ren i efterhand med en m\u00e5nadsfaktura. Resor med F\u00c4RDTJ\u00c4NST ska dock betalas direkt till chauff\u00f6ren precis som tidigare. Viktigt att komma ih\u00e5g f\u00f6r personer med f\u00e4rdtj\u00e4nsttillst\u00e5nd: SJUKRESA =[&hellip;]<\/p>\n","protected":false},"author":25,"featured_media":2548,"comment_status":"closed","ping_status":"open","sticky":false,"template":"","format":"standard","meta":{"_acf_changed":false,"_monsterinsights_skip_tracking":false,"_monsterinsights_sitenote_active":false,"_monsterinsights_sitenote_note":"","_monsterinsights_sitenote_category":0,"footnotes":""},"categories":[1],"tags":[],"class_list":["post-2547","post","type-post","status-publish","format-standard","has-post-thumbnail","hentry","category-okategoriserad"],"acf":[],"yoast_head":"<!-- This site is optimized with the Yoast SEO plugin v27.2 - https:\/\/yoast.com\/product\/yoast-seo-wordpress\/ -->\n<title>Fr\u00e5n 1 april 2021 betalas alla sjukresor via faktura - DHR - \u00d6rebro<\/title>\n<meta name=\"robots\" content=\"index, follow, max-snippet:-1, max-image-preview:large, max-video-preview:-1\" \/>\n<link rel=\"canonical\" href=\"https:\/\/dhr.se\/orebro\/fran-1-april-2021-betalas-sjukresor-via-faktura\/\" \/>\n<meta property=\"og:locale\" content=\"sv_SE\" \/>\n<meta property=\"og:type\" content=\"article\" \/>\n<meta property=\"og:title\" content=\"Fr\u00e5n 1 april 2021 betalas alla sjukresor via faktura - DHR - \u00d6rebro\" \/>\n<meta property=\"og:description\" content=\"Fr\u00e5n och med den 1 april kommer egenavgiften f\u00f6r SJUKRESOR att debiteras resen\u00e4ren i efterhand med en m\u00e5nadsfaktura. Resor med F\u00c4RDTJ\u00c4NST ska dock betalas direkt till chauff\u00f6ren precis som tidigare. Viktigt att komma ih\u00e5g f\u00f6r personer med f\u00e4rdtj\u00e4nsttillst\u00e5nd: SJUKRESA =[&hellip;]\" \/>\n<meta property=\"og:url\" content=\"https:\/\/dhr.se\/orebro\/fran-1-april-2021-betalas-sjukresor-via-faktura\/\" \/>\n<meta property=\"og:site_name\" content=\"DHR - \u00d6rebro\" \/>\n<meta property=\"article:published_time\" content=\"2021-03-19T19:31:48+00:00\" \/>\n<meta property=\"article:modified_time\" content=\"2021-05-20T10:31:15+00:00\" \/>\n<meta property=\"og:image\" content=\"https:\/\/dhr.se\/orebro\/wp-content\/uploads\/sites\/23\/2021\/03\/safe_image.jpg\" \/>\n\t<meta property=\"og:image:width\" content=\"500\" \/>\n\t<meta property=\"og:image:height\" content=\"260\" \/>\n\t<meta property=\"og:image:type\" content=\"image\/jpeg\" \/>\n<meta name=\"twitter:card\" content=\"summary_large_image\" \/>\n<meta name=\"twitter:label1\" content=\"Skriven av\" \/>\n\t<meta name=\"twitter:data1\" content=\"\" \/>\n\t<meta name=\"twitter:label2\" content=\"Ber\u00e4knad l\u00e4stid\" \/>\n\t<meta name=\"twitter:data2\" content=\"1 minut\" \/>\n<script type=\"application\/ld+json\" class=\"yoast-schema-graph\">{\"@context\":\"https:\/\/schema.org\",\"@graph\":[{\"@type\":\"Article\",\"@id\":\"https:\/\/dhr.se\/orebro\/fran-1-april-2021-betalas-sjukresor-via-faktura\/#article\",\"isPartOf\":{\"@id\":\"https:\/\/dhr.se\/orebro\/fran-1-april-2021-betalas-sjukresor-via-faktura\/\"},\"author\":{\"name\":\"\",\"@id\":\"\"},\"headline\":\"Fr\u00e5n 1 april 2021 betalas alla sjukresor via faktura\",\"datePublished\":\"2021-03-19T19:31:48+00:00\",\"dateModified\":\"2021-05-20T10:31:15+00:00\",\"mainEntityOfPage\":{\"@id\":\"https:\/\/dhr.se\/orebro\/fran-1-april-2021-betalas-sjukresor-via-faktura\/\"},\"wordCount\":89,\"image\":{\"@id\":\"https:\/\/dhr.se\/orebro\/fran-1-april-2021-betalas-sjukresor-via-faktura\/#primaryimage\"},\"thumbnailUrl\":\"https:\/\/dhr.se\/orebro\/wp-content\/uploads\/sites\/23\/2021\/03\/safe_image.jpg\",\"articleSection\":[\"Okategoriserad\"],\"inLanguage\":\"sv-SE\"},{\"@type\":\"WebPage\",\"@id\":\"https:\/\/dhr.se\/orebro\/fran-1-april-2021-betalas-sjukresor-via-faktura\/\",\"url\":\"https:\/\/dhr.se\/orebro\/fran-1-april-2021-betalas-sjukresor-via-faktura\/\",\"name\":\"Fr\u00e5n 1 april 2021 betalas alla sjukresor via faktura - DHR - \u00d6rebro\",\"isPartOf\":{\"@id\":\"https:\/\/dhr.se\/orebro\/#website\"},\"primaryImageOfPage\":{\"@id\":\"https:\/\/dhr.se\/orebro\/fran-1-april-2021-betalas-sjukresor-via-faktura\/#primaryimage\"},\"image\":{\"@id\":\"https:\/\/dhr.se\/orebro\/fran-1-april-2021-betalas-sjukresor-via-faktura\/#primaryimage\"},\"thumbnailUrl\":\"https:\/\/dhr.se\/orebro\/wp-content\/uploads\/sites\/23\/2021\/03\/safe_image.jpg\",\"datePublished\":\"2021-03-19T19:31:48+00:00\",\"dateModified\":\"2021-05-20T10:31:15+00:00\",\"author\":{\"@id\":\"\"},\"breadcrumb\":{\"@id\":\"https:\/\/dhr.se\/orebro\/fran-1-april-2021-betalas-sjukresor-via-faktura\/#breadcrumb\"},\"inLanguage\":\"sv-SE\",\"potentialAction\":[{\"@type\":\"ReadAction\",\"target\":[\"https:\/\/dhr.se\/orebro\/fran-1-april-2021-betalas-sjukresor-via-faktura\/\"]}]},{\"@type\":\"ImageObject\",\"inLanguage\":\"sv-SE\",\"@id\":\"https:\/\/dhr.se\/orebro\/fran-1-april-2021-betalas-sjukresor-via-faktura\/#primaryimage\",\"url\":\"https:\/\/dhr.se\/orebro\/wp-content\/uploads\/sites\/23\/2021\/03\/safe_image.jpg\",\"contentUrl\":\"https:\/\/dhr.se\/orebro\/wp-content\/uploads\/sites\/23\/2021\/03\/safe_image.jpg\",\"width\":500,\"height\":260},{\"@type\":\"BreadcrumbList\",\"@id\":\"https:\/\/dhr.se\/orebro\/fran-1-april-2021-betalas-sjukresor-via-faktura\/#breadcrumb\",\"itemListElement\":[{\"@type\":\"ListItem\",\"position\":1,\"name\":\"Hem\",\"item\":\"https:\/\/dhr.se\/orebro\/\"},{\"@type\":\"ListItem\",\"position\":2,\"name\":\"Fr\u00e5n 1 april 2021 betalas alla sjukresor via faktura\"}]},{\"@type\":\"WebSite\",\"@id\":\"https:\/\/dhr.se\/orebro\/#website\",\"url\":\"https:\/\/dhr.se\/orebro\/\",\"name\":\"DHR - \u00d6rebro\",\"description\":\"Delaktighet, r\u00f6relsefrihet och handlingskraft\",\"potentialAction\":[{\"@type\":\"SearchAction\",\"target\":{\"@type\":\"EntryPoint\",\"urlTemplate\":\"https:\/\/dhr.se\/orebro\/?s={search_term_string}\"},\"query-input\":{\"@type\":\"PropertyValueSpecification\",\"valueRequired\":true,\"valueName\":\"search_term_string\"}}],\"inLanguage\":\"sv-SE\"},{\"@type\":\"Person\",\"@id\":\"\",\"url\":\"https:\/\/dhr.se\/orebro\/author\/\"}]}<\/script>\n<!-- \/ Yoast SEO plugin. -->","yoast_head_json":{"title":"Fr\u00e5n 1 april 2021 betalas alla sjukresor via faktura - DHR - \u00d6rebro","robots":{"index":"index","follow":"follow","max-snippet":"max-snippet:-1","max-image-preview":"max-image-preview:large","max-video-preview":"max-video-preview:-1"},"canonical":"https:\/\/dhr.se\/orebro\/fran-1-april-2021-betalas-sjukresor-via-faktura\/","og_locale":"sv_SE","og_type":"article","og_title":"Fr\u00e5n 1 april 2021 betalas alla sjukresor via faktura - DHR - \u00d6rebro","og_description":"Fr\u00e5n och med den 1 april kommer egenavgiften f\u00f6r SJUKRESOR att debiteras resen\u00e4ren i efterhand med en m\u00e5nadsfaktura. Resor med F\u00c4RDTJ\u00c4NST ska dock betalas direkt till chauff\u00f6ren precis som tidigare. Viktigt att komma ih\u00e5g f\u00f6r personer med f\u00e4rdtj\u00e4nsttillst\u00e5nd: SJUKRESA =[&hellip;]","og_url":"https:\/\/dhr.se\/orebro\/fran-1-april-2021-betalas-sjukresor-via-faktura\/","og_site_name":"DHR - \u00d6rebro","article_published_time":"2021-03-19T19:31:48+00:00","article_modified_time":"2021-05-20T10:31:15+00:00","og_image":[{"width":500,"height":260,"url":"https:\/\/dhr.se\/orebro\/wp-content\/uploads\/sites\/23\/2021\/03\/safe_image.jpg","type":"image\/jpeg"}],"twitter_card":"summary_large_image","twitter_misc":{"Skriven av":"","Ber\u00e4knad l\u00e4stid":"1 minut"},"schema":{"@context":"https:\/\/schema.org","@graph":[{"@type":"Article","@id":"https:\/\/dhr.se\/orebro\/fran-1-april-2021-betalas-sjukresor-via-faktura\/#article","isPartOf":{"@id":"https:\/\/dhr.se\/orebro\/fran-1-april-2021-betalas-sjukresor-via-faktura\/"},"author":{"name":"","@id":""},"headline":"Fr\u00e5n 1 april 2021 betalas alla sjukresor via faktura","datePublished":"2021-03-19T19:31:48+00:00","dateModified":"2021-05-20T10:31:15+00:00","mainEntityOfPage":{"@id":"https:\/\/dhr.se\/orebro\/fran-1-april-2021-betalas-sjukresor-via-faktura\/"},"wordCount":89,"image":{"@id":"https:\/\/dhr.se\/orebro\/fran-1-april-2021-betalas-sjukresor-via-faktura\/#primaryimage"},"thumbnailUrl":"https:\/\/dhr.se\/orebro\/wp-content\/uploads\/sites\/23\/2021\/03\/safe_image.jpg","articleSection":["Okategoriserad"],"inLanguage":"sv-SE"},{"@type":"WebPage","@id":"https:\/\/dhr.se\/orebro\/fran-1-april-2021-betalas-sjukresor-via-faktura\/","url":"https:\/\/dhr.se\/orebro\/fran-1-april-2021-betalas-sjukresor-via-faktura\/","name":"Fr\u00e5n 1 april 2021 betalas alla sjukresor via faktura - DHR - \u00d6rebro","isPartOf":{"@id":"https:\/\/dhr.se\/orebro\/#website"},"primaryImageOfPage":{"@id":"https:\/\/dhr.se\/orebro\/fran-1-april-2021-betalas-sjukresor-via-faktura\/#primaryimage"},"image":{"@id":"https:\/\/dhr.se\/orebro\/fran-1-april-2021-betalas-sjukresor-via-faktura\/#primaryimage"},"thumbnailUrl":"https:\/\/dhr.se\/orebro\/wp-content\/uploads\/sites\/23\/2021\/03\/safe_image.jpg","datePublished":"2021-03-19T19:31:48+00:00","dateModified":"2021-05-20T10:31:15+00:00","author":{"@id":""},"breadcrumb":{"@id":"https:\/\/dhr.se\/orebro\/fran-1-april-2021-betalas-sjukresor-via-faktura\/#breadcrumb"},"inLanguage":"sv-SE","potentialAction":[{"@type":"ReadAction","target":["https:\/\/dhr.se\/orebro\/fran-1-april-2021-betalas-sjukresor-via-faktura\/"]}]},{"@type":"ImageObject","inLanguage":"sv-SE","@id":"https:\/\/dhr.se\/orebro\/fran-1-april-2021-betalas-sjukresor-via-faktura\/#primaryimage","url":"https:\/\/dhr.se\/orebro\/wp-content\/uploads\/sites\/23\/2021\/03\/safe_image.jpg","contentUrl":"https:\/\/dhr.se\/orebro\/wp-content\/uploads\/sites\/23\/2021\/03\/safe_image.jpg","width":500,"height":260},{"@type":"BreadcrumbList","@id":"https:\/\/dhr.se\/orebro\/fran-1-april-2021-betalas-sjukresor-via-faktura\/#breadcrumb","itemListElement":[{"@type":"ListItem","position":1,"name":"Hem","item":"https:\/\/dhr.se\/orebro\/"},{"@type":"ListItem","position":2,"name":"Fr\u00e5n 1 april 2021 betalas alla sjukresor via faktura"}]},{"@type":"WebSite","@id":"https:\/\/dhr.se\/orebro\/#website","url":"https:\/\/dhr.se\/orebro\/","name":"DHR - \u00d6rebro","description":"Delaktighet, r\u00f6relsefrihet och handlingskraft","potentialAction":[{"@type":"SearchAction","target":{"@type":"EntryPoint","urlTemplate":"https:\/\/dhr.se\/orebro\/?s={search_term_string}"},"query-input":{"@type":"PropertyValueSpecification","valueRequired":true,"valueName":"search_term_string"}}],"inLanguage":"sv-SE"},{"@type":"Person","@id":"","url":"https:\/\/dhr.se\/orebro\/author\/"}]}},"publishpress_future_action":{"enabled":false,"date":"2026-05-04 22:04:44","action":"change-status","newStatus":"draft","terms":[],"taxonomy":"category","extraData":[]},"publishpress_future_workflow_manual_trigger":{"enabledWorkflows":[]},"_links":{"self":[{"href":"https:\/\/dhr.se\/orebro\/wp-json\/wp\/v2\/posts\/2547","targetHints":{"allow":["GET"]}}],"collection":[{"href":"https:\/\/dhr.se\/orebro\/wp-json\/wp\/v2\/posts"}],"about":[{"href":"https:\/\/dhr.se\/orebro\/wp-json\/wp\/v2\/types\/post"}],"author":[{"embeddable":true,"href":"https:\/\/dhr.se\/orebro\/wp-json\/wp\/v2\/users\/25"}],"replies":[{"embeddable":true,"href":"https:\/\/dhr.se\/orebro\/wp-json\/wp\/v2\/comments?post=2547"}],"version-history":[{"count":0,"href":"https:\/\/dhr.se\/orebro\/wp-json\/wp\/v2\/posts\/2547\/revisions"}],"wp:featuredmedia":[{"embeddable":true,"href":"https:\/\/dhr.se\/orebro\/wp-json\/wp\/v2\/media\/2548"}],"wp:attachment":[{"href":"https:\/\/dhr.se\/orebro\/wp-json\/wp\/v2\/media?parent=2547"}],"wp:term":[{"taxonomy":"category","embeddable":true,"href":"https:\/\/dhr.se\/orebro\/wp-json\/wp\/v2\/categories?post=2547"},{"taxonomy":"post_tag","embeddable":true,"href":"https:\/\/dhr.se\/orebro\/wp-json\/wp\/v2\/tags?post=2547"}],"curies":[{"name":"wp","href":"https:\/\/api.w.org\/{rel}","templated":true}]}}