{"id":2642,"date":"2021-07-11T13:55:39","date_gmt":"2021-07-11T11:55:39","guid":{"rendered":"https:\/\/dhr.se\/orebro\/?p=2642"},"modified":"2021-07-11T14:33:10","modified_gmt":"2021-07-11T12:33:10","slug":"anvandning-av-ordet-tillganglig-inom-orebro-kommun","status":"publish","type":"post","link":"https:\/\/dhr.se\/orebro\/anvandning-av-ordet-tillganglig-inom-orebro-kommun\/","title":{"rendered":"Anv\u00e4ndning av ordet \u201dtillg\u00e4nglig\u201d inom \u00d6rebro kommun."},"content":{"rendered":"\n<p>Under sommaren har det i sociala medier uppst\u00e5tt en diskussion om kommunens nyanlagda naturbad i Svart\u00e5n det sk \u201dTegelbadet\u201d \u00e4r tillg\u00e4ngligt eller ej.<br>I kommunens pressmeddelande om byggandet av det nya badet uttalade sig det ansvariga kommunalr\u00e5det Ullis Sandberg s\u00e5 h\u00e4r:<\/p>\n\n\n\n<p><em>\u201d \u2013 Det k\u00e4nns b\u00e5de bra och roligt att vi nu m\u00f6jligg\u00f6r f\u00f6r \u00e4nnu en plats d\u00e4r \u00f6rebroare kan bada. F\u00f6rra \u00e5rets \u00f6ppning av H\u00e4sthagens bryggbad gav mycket badgl\u00e4dje! Det \u00e4r viktigt att kunna erbjuda <strong>tillg\u00e4ngliga <\/strong>badplatser med olika karakt\u00e4r.\u201d<\/em><\/p>\n\n\n\n<p>Ansvariga tj\u00e4nstem\u00e4n i \u00d6rebro kommun har medgett att varken det h\u00e4r nya badet eller det tidigare badet \u201dH\u00e4sthagens bryggbad\u201d har kunnat byggas s\u00e5 att de blir tillg\u00e4ngliga f\u00f6r personer med r\u00f6relseneds\u00e4ttningar. Byggandet har dock godk\u00e4nts av den ansvariga politiska n\u00e4mnden trots att bygget strider mot principen om Universell utformning i FN-konventionen om r\u00e4ttigheter f\u00f6r personer med funktionsneds\u00e4ttning.<\/p>\n\n\n\n<p>P\u00e5 kommunens hemsida finns ingen som helst information om att de h\u00e4r nya badplatserna medvetet utest\u00e4nger personer med r\u00f6relseneds\u00e4ttningar. Givetvis borde det h\u00e4r, liksom f\u00f6r alla de andra 17 badplatserna som kommunen har driftansvaret f\u00f6r, finnas en bra tillg\u00e4nglighetsbeskrivning som \u00e4ven beskriver om det \u00e4r m\u00f6jligt eller ej att bada f\u00f6r en person med r\u00f6relseneds\u00e4ttning.<\/p>\n\n\n\n<p>Den som exempelvis \u00e4r rullstolsanv\u00e4ndare har r\u00e4tt att i f\u00f6rv\u00e4g kunna f\u00e5 veta om den aktuella badplatsen \u00e4r <strong>tillg\u00e4nglig och anv\u00e4ndbar<\/strong> f\u00f6r honom\/henne.<\/p>\n\n\n\n<p>Vi inom funktionshinderr\u00f6relsen upplever att ordet tillg\u00e4nglig anv\u00e4nds i allt h\u00f6gre utstr\u00e4ckning i kommunens officiella dokument utan att det har n\u00e5got som helst samband med <strong>tillg\u00e4nglighet och anv\u00e4ndbarhet<\/strong> f\u00f6r personer med funktionsneds\u00e4ttningar. Tyv\u00e4rr saknar det svenska spr\u00e5ket ett ord som motsvarar det engelska \u201dAccessibility\u201d. Om svenska spr\u00e5ket hade haft ett s\u00e5dant ord s\u00e5 tror jag att diskussionen om Tegelbadets brist p\u00e5 tillg\u00e4nglighet kunnat undvikas.<\/p>\n\n\n\n<p>Tegelbadet \u00e4r definitivt inte <strong>tillg\u00e4ngligt och anv\u00e4ndbart<\/strong> (accessible) f\u00f6r personer med r\u00f6relseneds\u00e4ttningar men det \u00e4r enkelt att transportera sig till f\u00f6r m\u00e5nga \u00d6rebroare. Det kanske helt enkelt var det som Ullis Sandberg menade med sitt uttalande.<\/p>\n\n\n\n<p>Christer Johansson, <br>DHR-avdelningens ordf\u00f6rande<\/p>\n","protected":false},"excerpt":{"rendered":"<p>Under sommaren har det i sociala medier uppst\u00e5tt en diskussion om kommunens nyanlagda naturbad i Svart\u00e5n det sk \u201dTegelbadet\u201d \u00e4r tillg\u00e4ngligt eller ej.I kommunens pressmeddelande om byggandet av det nya badet uttalade sig det ansvariga kommunalr\u00e5det Ullis Sandberg s\u00e5 h\u00e4r:[&hellip;]<\/p>\n","protected":false},"author":25,"featured_media":0,"comment_status":"closed","ping_status":"open","sticky":false,"template":"","format":"standard","meta":{"_acf_changed":false,"_monsterinsights_skip_tracking":false,"_monsterinsights_sitenote_active":false,"_monsterinsights_sitenote_note":"","_monsterinsights_sitenote_category":0,"footnotes":""},"categories":[1],"tags":[],"class_list":["post-2642","post","type-post","status-publish","format-standard","hentry","category-okategoriserad"],"acf":[],"yoast_head":"<!-- This site is optimized with the Yoast SEO plugin v27.2 - https:\/\/yoast.com\/product\/yoast-seo-wordpress\/ -->\n<title>Anv\u00e4ndning av ordet \u201dtillg\u00e4nglig\u201d inom \u00d6rebro kommun. - DHR - \u00d6rebro<\/title>\n<meta name=\"robots\" content=\"index, follow, max-snippet:-1, max-image-preview:large, max-video-preview:-1\" \/>\n<link rel=\"canonical\" href=\"https:\/\/dhr.se\/orebro\/anvandning-av-ordet-tillganglig-inom-orebro-kommun\/\" \/>\n<meta property=\"og:locale\" content=\"sv_SE\" \/>\n<meta property=\"og:type\" content=\"article\" \/>\n<meta property=\"og:title\" content=\"Anv\u00e4ndning av ordet \u201dtillg\u00e4nglig\u201d inom \u00d6rebro kommun. - DHR - \u00d6rebro\" \/>\n<meta property=\"og:description\" content=\"Under sommaren har det i sociala medier uppst\u00e5tt en diskussion om kommunens nyanlagda naturbad i Svart\u00e5n det sk \u201dTegelbadet\u201d \u00e4r tillg\u00e4ngligt eller ej.I kommunens pressmeddelande om byggandet av det nya badet uttalade sig det ansvariga kommunalr\u00e5det Ullis Sandberg s\u00e5 h\u00e4r:[&hellip;]\" \/>\n<meta property=\"og:url\" content=\"https:\/\/dhr.se\/orebro\/anvandning-av-ordet-tillganglig-inom-orebro-kommun\/\" \/>\n<meta property=\"og:site_name\" content=\"DHR - \u00d6rebro\" \/>\n<meta property=\"article:published_time\" content=\"2021-07-11T11:55:39+00:00\" \/>\n<meta property=\"article:modified_time\" content=\"2021-07-11T12:33:10+00:00\" \/>\n<meta name=\"twitter:card\" content=\"summary_large_image\" \/>\n<meta name=\"twitter:label1\" content=\"Skriven av\" \/>\n\t<meta name=\"twitter:data1\" content=\"\" \/>\n\t<meta name=\"twitter:label2\" content=\"Ber\u00e4knad l\u00e4stid\" \/>\n\t<meta name=\"twitter:data2\" content=\"2 minuter\" \/>\n<script type=\"application\/ld+json\" class=\"yoast-schema-graph\">{\"@context\":\"https:\/\/schema.org\",\"@graph\":[{\"@type\":\"Article\",\"@id\":\"https:\/\/dhr.se\/orebro\/anvandning-av-ordet-tillganglig-inom-orebro-kommun\/#article\",\"isPartOf\":{\"@id\":\"https:\/\/dhr.se\/orebro\/anvandning-av-ordet-tillganglig-inom-orebro-kommun\/\"},\"author\":{\"name\":\"\",\"@id\":\"\"},\"headline\":\"Anv\u00e4ndning av ordet \u201dtillg\u00e4nglig\u201d inom \u00d6rebro kommun.\",\"datePublished\":\"2021-07-11T11:55:39+00:00\",\"dateModified\":\"2021-07-11T12:33:10+00:00\",\"mainEntityOfPage\":{\"@id\":\"https:\/\/dhr.se\/orebro\/anvandning-av-ordet-tillganglig-inom-orebro-kommun\/\"},\"wordCount\":398,\"articleSection\":[\"Okategoriserad\"],\"inLanguage\":\"sv-SE\"},{\"@type\":\"WebPage\",\"@id\":\"https:\/\/dhr.se\/orebro\/anvandning-av-ordet-tillganglig-inom-orebro-kommun\/\",\"url\":\"https:\/\/dhr.se\/orebro\/anvandning-av-ordet-tillganglig-inom-orebro-kommun\/\",\"name\":\"Anv\u00e4ndning av ordet \u201dtillg\u00e4nglig\u201d inom \u00d6rebro kommun. - DHR - \u00d6rebro\",\"isPartOf\":{\"@id\":\"https:\/\/dhr.se\/orebro\/#website\"},\"datePublished\":\"2021-07-11T11:55:39+00:00\",\"dateModified\":\"2021-07-11T12:33:10+00:00\",\"author\":{\"@id\":\"\"},\"breadcrumb\":{\"@id\":\"https:\/\/dhr.se\/orebro\/anvandning-av-ordet-tillganglig-inom-orebro-kommun\/#breadcrumb\"},\"inLanguage\":\"sv-SE\",\"potentialAction\":[{\"@type\":\"ReadAction\",\"target\":[\"https:\/\/dhr.se\/orebro\/anvandning-av-ordet-tillganglig-inom-orebro-kommun\/\"]}]},{\"@type\":\"BreadcrumbList\",\"@id\":\"https:\/\/dhr.se\/orebro\/anvandning-av-ordet-tillganglig-inom-orebro-kommun\/#breadcrumb\",\"itemListElement\":[{\"@type\":\"ListItem\",\"position\":1,\"name\":\"Hem\",\"item\":\"https:\/\/dhr.se\/orebro\/\"},{\"@type\":\"ListItem\",\"position\":2,\"name\":\"Anv\u00e4ndning av ordet \u201dtillg\u00e4nglig\u201d inom \u00d6rebro kommun.\"}]},{\"@type\":\"WebSite\",\"@id\":\"https:\/\/dhr.se\/orebro\/#website\",\"url\":\"https:\/\/dhr.se\/orebro\/\",\"name\":\"DHR - \u00d6rebro\",\"description\":\"Delaktighet, r\u00f6relsefrihet och handlingskraft\",\"potentialAction\":[{\"@type\":\"SearchAction\",\"target\":{\"@type\":\"EntryPoint\",\"urlTemplate\":\"https:\/\/dhr.se\/orebro\/?s={search_term_string}\"},\"query-input\":{\"@type\":\"PropertyValueSpecification\",\"valueRequired\":true,\"valueName\":\"search_term_string\"}}],\"inLanguage\":\"sv-SE\"},{\"@type\":\"Person\",\"@id\":\"\",\"url\":\"https:\/\/dhr.se\/orebro\/author\/\"}]}<\/script>\n<!-- \/ Yoast SEO plugin. -->","yoast_head_json":{"title":"Anv\u00e4ndning av ordet \u201dtillg\u00e4nglig\u201d inom \u00d6rebro kommun. - DHR - \u00d6rebro","robots":{"index":"index","follow":"follow","max-snippet":"max-snippet:-1","max-image-preview":"max-image-preview:large","max-video-preview":"max-video-preview:-1"},"canonical":"https:\/\/dhr.se\/orebro\/anvandning-av-ordet-tillganglig-inom-orebro-kommun\/","og_locale":"sv_SE","og_type":"article","og_title":"Anv\u00e4ndning av ordet \u201dtillg\u00e4nglig\u201d inom \u00d6rebro kommun. - DHR - \u00d6rebro","og_description":"Under sommaren har det i sociala medier uppst\u00e5tt en diskussion om kommunens nyanlagda naturbad i Svart\u00e5n det sk \u201dTegelbadet\u201d \u00e4r tillg\u00e4ngligt eller ej.I kommunens pressmeddelande om byggandet av det nya badet uttalade sig det ansvariga kommunalr\u00e5det Ullis Sandberg s\u00e5 h\u00e4r:[&hellip;]","og_url":"https:\/\/dhr.se\/orebro\/anvandning-av-ordet-tillganglig-inom-orebro-kommun\/","og_site_name":"DHR - \u00d6rebro","article_published_time":"2021-07-11T11:55:39+00:00","article_modified_time":"2021-07-11T12:33:10+00:00","twitter_card":"summary_large_image","twitter_misc":{"Skriven av":"","Ber\u00e4knad l\u00e4stid":"2 minuter"},"schema":{"@context":"https:\/\/schema.org","@graph":[{"@type":"Article","@id":"https:\/\/dhr.se\/orebro\/anvandning-av-ordet-tillganglig-inom-orebro-kommun\/#article","isPartOf":{"@id":"https:\/\/dhr.se\/orebro\/anvandning-av-ordet-tillganglig-inom-orebro-kommun\/"},"author":{"name":"","@id":""},"headline":"Anv\u00e4ndning av ordet \u201dtillg\u00e4nglig\u201d inom \u00d6rebro kommun.","datePublished":"2021-07-11T11:55:39+00:00","dateModified":"2021-07-11T12:33:10+00:00","mainEntityOfPage":{"@id":"https:\/\/dhr.se\/orebro\/anvandning-av-ordet-tillganglig-inom-orebro-kommun\/"},"wordCount":398,"articleSection":["Okategoriserad"],"inLanguage":"sv-SE"},{"@type":"WebPage","@id":"https:\/\/dhr.se\/orebro\/anvandning-av-ordet-tillganglig-inom-orebro-kommun\/","url":"https:\/\/dhr.se\/orebro\/anvandning-av-ordet-tillganglig-inom-orebro-kommun\/","name":"Anv\u00e4ndning av ordet \u201dtillg\u00e4nglig\u201d inom \u00d6rebro kommun. - DHR - \u00d6rebro","isPartOf":{"@id":"https:\/\/dhr.se\/orebro\/#website"},"datePublished":"2021-07-11T11:55:39+00:00","dateModified":"2021-07-11T12:33:10+00:00","author":{"@id":""},"breadcrumb":{"@id":"https:\/\/dhr.se\/orebro\/anvandning-av-ordet-tillganglig-inom-orebro-kommun\/#breadcrumb"},"inLanguage":"sv-SE","potentialAction":[{"@type":"ReadAction","target":["https:\/\/dhr.se\/orebro\/anvandning-av-ordet-tillganglig-inom-orebro-kommun\/"]}]},{"@type":"BreadcrumbList","@id":"https:\/\/dhr.se\/orebro\/anvandning-av-ordet-tillganglig-inom-orebro-kommun\/#breadcrumb","itemListElement":[{"@type":"ListItem","position":1,"name":"Hem","item":"https:\/\/dhr.se\/orebro\/"},{"@type":"ListItem","position":2,"name":"Anv\u00e4ndning av ordet \u201dtillg\u00e4nglig\u201d inom \u00d6rebro kommun."}]},{"@type":"WebSite","@id":"https:\/\/dhr.se\/orebro\/#website","url":"https:\/\/dhr.se\/orebro\/","name":"DHR - \u00d6rebro","description":"Delaktighet, r\u00f6relsefrihet och handlingskraft","potentialAction":[{"@type":"SearchAction","target":{"@type":"EntryPoint","urlTemplate":"https:\/\/dhr.se\/orebro\/?s={search_term_string}"},"query-input":{"@type":"PropertyValueSpecification","valueRequired":true,"valueName":"search_term_string"}}],"inLanguage":"sv-SE"},{"@type":"Person","@id":"","url":"https:\/\/dhr.se\/orebro\/author\/"}]}},"publishpress_future_action":{"enabled":false,"date":"2026-05-04 22:03:57","action":"change-status","newStatus":"draft","terms":[],"taxonomy":"category","extraData":[]},"publishpress_future_workflow_manual_trigger":{"enabledWorkflows":[]},"_links":{"self":[{"href":"https:\/\/dhr.se\/orebro\/wp-json\/wp\/v2\/posts\/2642","targetHints":{"allow":["GET"]}}],"collection":[{"href":"https:\/\/dhr.se\/orebro\/wp-json\/wp\/v2\/posts"}],"about":[{"href":"https:\/\/dhr.se\/orebro\/wp-json\/wp\/v2\/types\/post"}],"author":[{"embeddable":true,"href":"https:\/\/dhr.se\/orebro\/wp-json\/wp\/v2\/users\/25"}],"replies":[{"embeddable":true,"href":"https:\/\/dhr.se\/orebro\/wp-json\/wp\/v2\/comments?post=2642"}],"version-history":[{"count":0,"href":"https:\/\/dhr.se\/orebro\/wp-json\/wp\/v2\/posts\/2642\/revisions"}],"wp:attachment":[{"href":"https:\/\/dhr.se\/orebro\/wp-json\/wp\/v2\/media?parent=2642"}],"wp:term":[{"taxonomy":"category","embeddable":true,"href":"https:\/\/dhr.se\/orebro\/wp-json\/wp\/v2\/categories?post=2642"},{"taxonomy":"post_tag","embeddable":true,"href":"https:\/\/dhr.se\/orebro\/wp-json\/wp\/v2\/tags?post=2642"}],"curies":[{"name":"wp","href":"https:\/\/api.w.org\/{rel}","templated":true}]}}