{"id":2800,"date":"2021-10-31T10:49:15","date_gmt":"2021-10-31T09:49:15","guid":{"rendered":"https:\/\/dhr.se\/orebro\/?p=2800"},"modified":"2021-11-03T13:47:48","modified_gmt":"2021-11-03T12:47:48","slug":"manga-orebroare-protesterade-mot-nedlaggning-av-flextrafiken","status":"publish","type":"post","link":"https:\/\/dhr.se\/orebro\/manga-orebroare-protesterade-mot-nedlaggning-av-flextrafiken\/","title":{"rendered":"M\u00e5nga \u00d6rebroare hyllade Flextrafiken."},"content":{"rendered":"\n<figure class=\"wp-block-image alignwide size-full\"><img loading=\"lazy\" decoding=\"async\" width=\"640\" height=\"360\" src=\"https:\/\/dhr.se\/orebro\/wp-content\/uploads\/sites\/23\/2021\/10\/torget-edited-1.jpg\" alt=\"\" class=\"wp-image-2809\" srcset=\"https:\/\/dhr.se\/orebro\/wp-content\/uploads\/sites\/23\/2021\/10\/torget-edited-1.jpg 640w, https:\/\/dhr.se\/orebro\/wp-content\/uploads\/sites\/23\/2021\/10\/torget-edited-1-300x169.jpg 300w\" sizes=\"auto, (max-width: 640px) 100vw, 640px\" \/><figcaption>Ett hundratal \u00e4ldre \u00d6rebroare samlades p\u00e5 Stortorget<\/figcaption><\/figure>\n\n\n\n<p>Vid manifestationen mot nedl\u00e4ggningen av Flextrafiken i \u00d6rebro l\u00f6rdagen den 30 oktober deltog \u00f6ver hundra \u00e4ldre personer som var mycket uppr\u00f6rda \u00f6ver kommunledningens beslut.<\/p>\n\n\n\n<p>Representanter f\u00f6r flera funktionsr\u00e4tts- och pension\u00e4rsorganisationer talade.<\/p>\n\n\n\n<p>Lyssna till talen vid manifestationen p\u00e5<a href=\"https:\/\/www.youtube.com\/watch?v=aEzxPwmipfY\" target=\"_blank\" rel=\"noreferrer noopener\"> <\/a><strong><a href=\"https:\/\/www.youtube.com\/watch?v=aEzxPwmipfY\" target=\"_blank\" rel=\"noreferrer noopener\">Rogers h\u00f6rna<\/a>,<\/strong> en podd med Roger Alexandersson.<\/p>\n\n\n\n<p>Manifestationen bevakades p\u00e5 ett bra s\u00e4tt av flera lokala medier, exempelvis:<\/p>\n\n\n\n<p><a href=\"https:\/\/etidning.na.se\/shared\/article\/manifesterar-for-att-ha-kvar-flextrafiken\/lI4-cd5A\" target=\"_blank\" rel=\"noreferrer noopener\">Nerikes Allehanda <\/a> (E-tidning)<\/p>\n\n\n\n<p><a href=\"https:\/\/www.na.se\/2021-10-30\/manifestation-pa-stortorget--kampar-for-flextrafiken?fbclid=IwAR08nEBFBlPCCMY9bfD8TdE-gqTbKBcjKxzeffQ3x8puAARF9nvtlb-ztto\" target=\"_blank\" rel=\"noreferrer noopener\"><strong>Nerikes Allehanda<\/strong><\/a>  (Webb)<\/p>\n\n\n\n<p><a href=\"https:\/\/www.svt.se\/nyheter\/lokalt\/orebro\/har-protesterar-de-mot-att-flextrafiken-forsvinner?fbclid=IwAR1FhgrcUlfTZYw59LLotmRFHTaHdlW33JfXXSolPhT3w5v_UTdsgxpPrp0\" target=\"_blank\" rel=\"noreferrer noopener\"><strong>Sveriges Television<\/strong><\/a><\/p>\n\n\n\n<p><a href=\"https:\/\/sverigesradio.se\/artikel\/protesterar-mot-beslutet-vara-medlemmar-reagerar-valdsamt?fbclid=IwAR15GswIsykb-f4U1BEt0mvF8PJTDC3Sl6wdGWDTPT2U2RJDE7g5-v0vTJE\" target=\"_blank\" rel=\"noreferrer noopener\"><strong>Sveriges Radio P4 \u00d6rebro<\/strong><\/a><\/p>\n","protected":false},"excerpt":{"rendered":"<p>Vid manifestationen mot nedl\u00e4ggningen av Flextrafiken i \u00d6rebro l\u00f6rdagen den 30 oktober deltog \u00f6ver hundra \u00e4ldre personer som var mycket uppr\u00f6rda \u00f6ver kommunledningens beslut. Representanter f\u00f6r flera funktionsr\u00e4tts- och pension\u00e4rsorganisationer talade. Lyssna till talen vid manifestationen p\u00e5 Rogers h\u00f6rna, en[&hellip;]<\/p>\n","protected":false},"author":25,"featured_media":0,"comment_status":"closed","ping_status":"open","sticky":false,"template":"","format":"standard","meta":{"_acf_changed":false,"_monsterinsights_skip_tracking":false,"_monsterinsights_sitenote_active":false,"_monsterinsights_sitenote_note":"","_monsterinsights_sitenote_category":0,"footnotes":""},"categories":[1],"tags":[],"class_list":["post-2800","post","type-post","status-publish","format-standard","hentry","category-okategoriserad"],"acf":[],"yoast_head":"<!-- This site is optimized with the Yoast SEO plugin v27.2 - https:\/\/yoast.com\/product\/yoast-seo-wordpress\/ -->\n<title>M\u00e5nga \u00d6rebroare hyllade Flextrafiken. - DHR - \u00d6rebro<\/title>\n<meta name=\"robots\" content=\"index, follow, max-snippet:-1, max-image-preview:large, max-video-preview:-1\" \/>\n<link rel=\"canonical\" href=\"https:\/\/dhr.se\/orebro\/manga-orebroare-protesterade-mot-nedlaggning-av-flextrafiken\/\" \/>\n<meta property=\"og:locale\" content=\"sv_SE\" \/>\n<meta property=\"og:type\" content=\"article\" \/>\n<meta property=\"og:title\" content=\"M\u00e5nga \u00d6rebroare hyllade Flextrafiken. - DHR - \u00d6rebro\" \/>\n<meta property=\"og:description\" content=\"Vid manifestationen mot nedl\u00e4ggningen av Flextrafiken i \u00d6rebro l\u00f6rdagen den 30 oktober deltog \u00f6ver hundra \u00e4ldre personer som var mycket uppr\u00f6rda \u00f6ver kommunledningens beslut. Representanter f\u00f6r flera funktionsr\u00e4tts- och pension\u00e4rsorganisationer talade. Lyssna till talen vid manifestationen p\u00e5 Rogers h\u00f6rna, en[&hellip;]\" \/>\n<meta property=\"og:url\" content=\"https:\/\/dhr.se\/orebro\/manga-orebroare-protesterade-mot-nedlaggning-av-flextrafiken\/\" \/>\n<meta property=\"og:site_name\" content=\"DHR - \u00d6rebro\" \/>\n<meta property=\"article:published_time\" content=\"2021-10-31T09:49:15+00:00\" \/>\n<meta property=\"article:modified_time\" content=\"2021-11-03T12:47:48+00:00\" \/>\n<meta property=\"og:image\" content=\"https:\/\/dhr.se\/orebro\/wp-content\/uploads\/sites\/23\/2021\/10\/torget-edited-1.jpg\" \/>\n<meta name=\"twitter:card\" content=\"summary_large_image\" \/>\n<meta name=\"twitter:label1\" content=\"Skriven av\" \/>\n\t<meta name=\"twitter:data1\" content=\"\" \/>\n\t<meta name=\"twitter:label2\" content=\"Ber\u00e4knad l\u00e4stid\" \/>\n\t<meta name=\"twitter:data2\" content=\"1 minut\" \/>\n<script type=\"application\/ld+json\" class=\"yoast-schema-graph\">{\"@context\":\"https:\/\/schema.org\",\"@graph\":[{\"@type\":\"Article\",\"@id\":\"https:\/\/dhr.se\/orebro\/manga-orebroare-protesterade-mot-nedlaggning-av-flextrafiken\/#article\",\"isPartOf\":{\"@id\":\"https:\/\/dhr.se\/orebro\/manga-orebroare-protesterade-mot-nedlaggning-av-flextrafiken\/\"},\"author\":{\"name\":\"\",\"@id\":\"\"},\"headline\":\"M\u00e5nga \u00d6rebroare hyllade Flextrafiken.\",\"datePublished\":\"2021-10-31T09:49:15+00:00\",\"dateModified\":\"2021-11-03T12:47:48+00:00\",\"mainEntityOfPage\":{\"@id\":\"https:\/\/dhr.se\/orebro\/manga-orebroare-protesterade-mot-nedlaggning-av-flextrafiken\/\"},\"wordCount\":86,\"image\":{\"@id\":\"https:\/\/dhr.se\/orebro\/manga-orebroare-protesterade-mot-nedlaggning-av-flextrafiken\/#primaryimage\"},\"thumbnailUrl\":\"https:\/\/dhr.se\/orebro\/wp-content\/uploads\/sites\/23\/2021\/10\/torget-edited-1.jpg\",\"articleSection\":[\"Okategoriserad\"],\"inLanguage\":\"sv-SE\"},{\"@type\":\"WebPage\",\"@id\":\"https:\/\/dhr.se\/orebro\/manga-orebroare-protesterade-mot-nedlaggning-av-flextrafiken\/\",\"url\":\"https:\/\/dhr.se\/orebro\/manga-orebroare-protesterade-mot-nedlaggning-av-flextrafiken\/\",\"name\":\"M\u00e5nga \u00d6rebroare hyllade Flextrafiken. - DHR - \u00d6rebro\",\"isPartOf\":{\"@id\":\"https:\/\/dhr.se\/orebro\/#website\"},\"primaryImageOfPage\":{\"@id\":\"https:\/\/dhr.se\/orebro\/manga-orebroare-protesterade-mot-nedlaggning-av-flextrafiken\/#primaryimage\"},\"image\":{\"@id\":\"https:\/\/dhr.se\/orebro\/manga-orebroare-protesterade-mot-nedlaggning-av-flextrafiken\/#primaryimage\"},\"thumbnailUrl\":\"https:\/\/dhr.se\/orebro\/wp-content\/uploads\/sites\/23\/2021\/10\/torget-edited-1.jpg\",\"datePublished\":\"2021-10-31T09:49:15+00:00\",\"dateModified\":\"2021-11-03T12:47:48+00:00\",\"author\":{\"@id\":\"\"},\"breadcrumb\":{\"@id\":\"https:\/\/dhr.se\/orebro\/manga-orebroare-protesterade-mot-nedlaggning-av-flextrafiken\/#breadcrumb\"},\"inLanguage\":\"sv-SE\",\"potentialAction\":[{\"@type\":\"ReadAction\",\"target\":[\"https:\/\/dhr.se\/orebro\/manga-orebroare-protesterade-mot-nedlaggning-av-flextrafiken\/\"]}]},{\"@type\":\"ImageObject\",\"inLanguage\":\"sv-SE\",\"@id\":\"https:\/\/dhr.se\/orebro\/manga-orebroare-protesterade-mot-nedlaggning-av-flextrafiken\/#primaryimage\",\"url\":\"https:\/\/dhr.se\/orebro\/wp-content\/uploads\/sites\/23\/2021\/10\/torget-edited-1.jpg\",\"contentUrl\":\"https:\/\/dhr.se\/orebro\/wp-content\/uploads\/sites\/23\/2021\/10\/torget-edited-1.jpg\",\"width\":640,\"height\":360,\"caption\":\"Ett hundratal \u00e4ldre \u00d6rebroare samlades p\u00e5 Stortorget\"},{\"@type\":\"BreadcrumbList\",\"@id\":\"https:\/\/dhr.se\/orebro\/manga-orebroare-protesterade-mot-nedlaggning-av-flextrafiken\/#breadcrumb\",\"itemListElement\":[{\"@type\":\"ListItem\",\"position\":1,\"name\":\"Hem\",\"item\":\"https:\/\/dhr.se\/orebro\/\"},{\"@type\":\"ListItem\",\"position\":2,\"name\":\"M\u00e5nga \u00d6rebroare hyllade Flextrafiken.\"}]},{\"@type\":\"WebSite\",\"@id\":\"https:\/\/dhr.se\/orebro\/#website\",\"url\":\"https:\/\/dhr.se\/orebro\/\",\"name\":\"DHR - \u00d6rebro\",\"description\":\"Delaktighet, r\u00f6relsefrihet och handlingskraft\",\"potentialAction\":[{\"@type\":\"SearchAction\",\"target\":{\"@type\":\"EntryPoint\",\"urlTemplate\":\"https:\/\/dhr.se\/orebro\/?s={search_term_string}\"},\"query-input\":{\"@type\":\"PropertyValueSpecification\",\"valueRequired\":true,\"valueName\":\"search_term_string\"}}],\"inLanguage\":\"sv-SE\"},{\"@type\":\"Person\",\"@id\":\"\",\"url\":\"https:\/\/dhr.se\/orebro\/author\/\"}]}<\/script>\n<!-- \/ Yoast SEO plugin. -->","yoast_head_json":{"title":"M\u00e5nga \u00d6rebroare hyllade Flextrafiken. - DHR - \u00d6rebro","robots":{"index":"index","follow":"follow","max-snippet":"max-snippet:-1","max-image-preview":"max-image-preview:large","max-video-preview":"max-video-preview:-1"},"canonical":"https:\/\/dhr.se\/orebro\/manga-orebroare-protesterade-mot-nedlaggning-av-flextrafiken\/","og_locale":"sv_SE","og_type":"article","og_title":"M\u00e5nga \u00d6rebroare hyllade Flextrafiken. - DHR - \u00d6rebro","og_description":"Vid manifestationen mot nedl\u00e4ggningen av Flextrafiken i \u00d6rebro l\u00f6rdagen den 30 oktober deltog \u00f6ver hundra \u00e4ldre personer som var mycket uppr\u00f6rda \u00f6ver kommunledningens beslut. Representanter f\u00f6r flera funktionsr\u00e4tts- och pension\u00e4rsorganisationer talade. Lyssna till talen vid manifestationen p\u00e5 Rogers h\u00f6rna, en[&hellip;]","og_url":"https:\/\/dhr.se\/orebro\/manga-orebroare-protesterade-mot-nedlaggning-av-flextrafiken\/","og_site_name":"DHR - \u00d6rebro","article_published_time":"2021-10-31T09:49:15+00:00","article_modified_time":"2021-11-03T12:47:48+00:00","og_image":[{"url":"https:\/\/dhr.se\/orebro\/wp-content\/uploads\/sites\/23\/2021\/10\/torget-edited-1.jpg","type":"","width":"","height":""}],"twitter_card":"summary_large_image","twitter_misc":{"Skriven av":"","Ber\u00e4knad l\u00e4stid":"1 minut"},"schema":{"@context":"https:\/\/schema.org","@graph":[{"@type":"Article","@id":"https:\/\/dhr.se\/orebro\/manga-orebroare-protesterade-mot-nedlaggning-av-flextrafiken\/#article","isPartOf":{"@id":"https:\/\/dhr.se\/orebro\/manga-orebroare-protesterade-mot-nedlaggning-av-flextrafiken\/"},"author":{"name":"","@id":""},"headline":"M\u00e5nga \u00d6rebroare hyllade Flextrafiken.","datePublished":"2021-10-31T09:49:15+00:00","dateModified":"2021-11-03T12:47:48+00:00","mainEntityOfPage":{"@id":"https:\/\/dhr.se\/orebro\/manga-orebroare-protesterade-mot-nedlaggning-av-flextrafiken\/"},"wordCount":86,"image":{"@id":"https:\/\/dhr.se\/orebro\/manga-orebroare-protesterade-mot-nedlaggning-av-flextrafiken\/#primaryimage"},"thumbnailUrl":"https:\/\/dhr.se\/orebro\/wp-content\/uploads\/sites\/23\/2021\/10\/torget-edited-1.jpg","articleSection":["Okategoriserad"],"inLanguage":"sv-SE"},{"@type":"WebPage","@id":"https:\/\/dhr.se\/orebro\/manga-orebroare-protesterade-mot-nedlaggning-av-flextrafiken\/","url":"https:\/\/dhr.se\/orebro\/manga-orebroare-protesterade-mot-nedlaggning-av-flextrafiken\/","name":"M\u00e5nga \u00d6rebroare hyllade Flextrafiken. - DHR - \u00d6rebro","isPartOf":{"@id":"https:\/\/dhr.se\/orebro\/#website"},"primaryImageOfPage":{"@id":"https:\/\/dhr.se\/orebro\/manga-orebroare-protesterade-mot-nedlaggning-av-flextrafiken\/#primaryimage"},"image":{"@id":"https:\/\/dhr.se\/orebro\/manga-orebroare-protesterade-mot-nedlaggning-av-flextrafiken\/#primaryimage"},"thumbnailUrl":"https:\/\/dhr.se\/orebro\/wp-content\/uploads\/sites\/23\/2021\/10\/torget-edited-1.jpg","datePublished":"2021-10-31T09:49:15+00:00","dateModified":"2021-11-03T12:47:48+00:00","author":{"@id":""},"breadcrumb":{"@id":"https:\/\/dhr.se\/orebro\/manga-orebroare-protesterade-mot-nedlaggning-av-flextrafiken\/#breadcrumb"},"inLanguage":"sv-SE","potentialAction":[{"@type":"ReadAction","target":["https:\/\/dhr.se\/orebro\/manga-orebroare-protesterade-mot-nedlaggning-av-flextrafiken\/"]}]},{"@type":"ImageObject","inLanguage":"sv-SE","@id":"https:\/\/dhr.se\/orebro\/manga-orebroare-protesterade-mot-nedlaggning-av-flextrafiken\/#primaryimage","url":"https:\/\/dhr.se\/orebro\/wp-content\/uploads\/sites\/23\/2021\/10\/torget-edited-1.jpg","contentUrl":"https:\/\/dhr.se\/orebro\/wp-content\/uploads\/sites\/23\/2021\/10\/torget-edited-1.jpg","width":640,"height":360,"caption":"Ett hundratal \u00e4ldre \u00d6rebroare samlades p\u00e5 Stortorget"},{"@type":"BreadcrumbList","@id":"https:\/\/dhr.se\/orebro\/manga-orebroare-protesterade-mot-nedlaggning-av-flextrafiken\/#breadcrumb","itemListElement":[{"@type":"ListItem","position":1,"name":"Hem","item":"https:\/\/dhr.se\/orebro\/"},{"@type":"ListItem","position":2,"name":"M\u00e5nga \u00d6rebroare hyllade Flextrafiken."}]},{"@type":"WebSite","@id":"https:\/\/dhr.se\/orebro\/#website","url":"https:\/\/dhr.se\/orebro\/","name":"DHR - \u00d6rebro","description":"Delaktighet, r\u00f6relsefrihet och handlingskraft","potentialAction":[{"@type":"SearchAction","target":{"@type":"EntryPoint","urlTemplate":"https:\/\/dhr.se\/orebro\/?s={search_term_string}"},"query-input":{"@type":"PropertyValueSpecification","valueRequired":true,"valueName":"search_term_string"}}],"inLanguage":"sv-SE"},{"@type":"Person","@id":"","url":"https:\/\/dhr.se\/orebro\/author\/"}]}},"publishpress_future_action":{"enabled":false,"date":"2026-04-29 19:09:46","action":"change-status","newStatus":"draft","terms":[],"taxonomy":"category","extraData":[]},"publishpress_future_workflow_manual_trigger":{"enabledWorkflows":[]},"_links":{"self":[{"href":"https:\/\/dhr.se\/orebro\/wp-json\/wp\/v2\/posts\/2800","targetHints":{"allow":["GET"]}}],"collection":[{"href":"https:\/\/dhr.se\/orebro\/wp-json\/wp\/v2\/posts"}],"about":[{"href":"https:\/\/dhr.se\/orebro\/wp-json\/wp\/v2\/types\/post"}],"author":[{"embeddable":true,"href":"https:\/\/dhr.se\/orebro\/wp-json\/wp\/v2\/users\/25"}],"replies":[{"embeddable":true,"href":"https:\/\/dhr.se\/orebro\/wp-json\/wp\/v2\/comments?post=2800"}],"version-history":[{"count":0,"href":"https:\/\/dhr.se\/orebro\/wp-json\/wp\/v2\/posts\/2800\/revisions"}],"wp:attachment":[{"href":"https:\/\/dhr.se\/orebro\/wp-json\/wp\/v2\/media?parent=2800"}],"wp:term":[{"taxonomy":"category","embeddable":true,"href":"https:\/\/dhr.se\/orebro\/wp-json\/wp\/v2\/categories?post=2800"},{"taxonomy":"post_tag","embeddable":true,"href":"https:\/\/dhr.se\/orebro\/wp-json\/wp\/v2\/tags?post=2800"}],"curies":[{"name":"wp","href":"https:\/\/api.w.org\/{rel}","templated":true}]}}