{"id":2854,"date":"2022-01-13T16:16:19","date_gmt":"2022-01-13T15:16:19","guid":{"rendered":"https:\/\/dhr.se\/orebro\/?p=2854"},"modified":"2022-01-13T18:43:23","modified_gmt":"2022-01-13T17:43:23","slug":"trygghetslarm-som-fungerar-aven-utanfor-bostaden-en-lyx-som-saknas-i-orebro-kommun","status":"publish","type":"post","link":"https:\/\/dhr.se\/orebro\/trygghetslarm-som-fungerar-aven-utanfor-bostaden-en-lyx-som-saknas-i-orebro-kommun\/","title":{"rendered":"Trygghetslarm som fungerar \u00e4ven utanf\u00f6r bostaden \u2013 en \u201dlyx\u201d som saknas i \u00d6rebro Kommun."},"content":{"rendered":"\n<p>M\u00e5nga \u00e4ldre och funktionsnedsatta \u00d6rebroare utrustas idag med s k trygghetslarm som g\u00f6r att man bara genom att trycka p\u00e5 en knapp kan komma i kontakt med kommunens larmmottagare och p\u00e5 s\u00e5 s\u00e4tt f\u00e5 hj\u00e4lp om man exempelvis har fallit och inte kan ta sig upp sj\u00e4lv. Kommunen installerar larm och ett nyckelfritt mobilstyrt l\u00e5s till l\u00e4genhetsd\u00f6rren efter ett bist\u00e5ndsbeslut. Tyv\u00e4rr informerar man om och installerar enbart station\u00e4ra trygghetslarm.<\/p>\n\n\n\n<p>Ett <strong>station\u00e4rt trygghetslarm<\/strong> best\u00e5r av en h\u00f6gtalartelefon som placeras p\u00e5 en central plats i l\u00e4genheten. Om man trycker p\u00e5 den larmknapp som b\u00e4rs av anv\u00e4ndaren s\u00e5 ringer den station\u00e4ra h\u00f6gtalartelefonen upp larmcentralen s\u00e5 att man kan prata och f\u00e5 hj\u00e4lp. <strong>Den som tar emot larmet vet att den som larmat befinner sig i bostaden<\/strong>. Utrustningen kan se ut s\u00e5 h\u00e4r:<\/p>\n\n\n\n<figure class=\"wp-block-image size-full\"><img loading=\"lazy\" decoding=\"async\" width=\"611\" height=\"339\" src=\"https:\/\/dhr.se\/orebro\/wp-content\/uploads\/sites\/23\/2022\/01\/image.png\" alt=\"\" class=\"wp-image-2855\" srcset=\"https:\/\/dhr.se\/orebro\/wp-content\/uploads\/sites\/23\/2022\/01\/image.png 611w, https:\/\/dhr.se\/orebro\/wp-content\/uploads\/sites\/23\/2022\/01\/image-300x166.png 300w\" sizes=\"auto, (max-width: 611px) 100vw, 611px\" \/><figcaption><strong>Ett station\u00e4rt trygghetslarm fungerar bara i den egna bostaden.<\/strong><\/figcaption><\/figure>\n\n\n\n<p>Idag finns \u00e4ven <strong>mobila trygghetslarm<\/strong> som bygger p\u00e5 modern teknik som m\u00f6jligg\u00f6r att den som larmat kan tala med larmmottagaren och lokaliseras \u00e4ven om hen befinner sig utanf\u00f6r sin bostad. Systemet bygger p\u00e5 att positionen best\u00e4ms av GPS-teknik. Larmknappen \u00e4r ofta placerad p\u00e5 en armbandsklocka som inneh\u00e5ller b\u00e5de telefon, mikrofon och h\u00f6gtalare.<br><strong>Den som tar emot larmet kan p\u00e5 en digital karta p\u00e5 en display (ex i en mobiltelefon) se var den hj\u00e4lpbeh\u00f6vande befinner sig.<\/strong><\/p>\n\n\n\n<figure class=\"wp-block-image size-full\"><img loading=\"lazy\" decoding=\"async\" width=\"653\" height=\"367\" src=\"https:\/\/dhr.se\/orebro\/wp-content\/uploads\/sites\/23\/2022\/01\/image-1.png\" alt=\"\" class=\"wp-image-2857\" srcset=\"https:\/\/dhr.se\/orebro\/wp-content\/uploads\/sites\/23\/2022\/01\/image-1.png 653w, https:\/\/dhr.se\/orebro\/wp-content\/uploads\/sites\/23\/2022\/01\/image-1-300x169.png 300w\" sizes=\"auto, (max-width: 653px) 100vw, 653px\" \/><figcaption>Ett mobilt trygghetslarm fungerar \u00f6verallt (\u00e4ven inne i bostaden)<\/figcaption><\/figure>\n\n\n\n<h1 class=\"has-text-align-center wp-block-heading\">Varf\u00f6r finns inga mobila trygghetslarm i \u00d6rebro?<\/h1>\n\n\n\n<p><\/p>\n","protected":false},"excerpt":{"rendered":"<p>M\u00e5nga \u00e4ldre och funktionsnedsatta \u00d6rebroare utrustas idag med s k trygghetslarm som g\u00f6r att man bara genom att trycka p\u00e5 en knapp kan komma i kontakt med kommunens larmmottagare och p\u00e5 s\u00e5 s\u00e4tt f\u00e5 hj\u00e4lp om man exempelvis har fallit[&hellip;]<\/p>\n","protected":false},"author":25,"featured_media":0,"comment_status":"closed","ping_status":"open","sticky":false,"template":"","format":"standard","meta":{"_acf_changed":false,"_monsterinsights_skip_tracking":false,"_monsterinsights_sitenote_active":false,"_monsterinsights_sitenote_note":"","_monsterinsights_sitenote_category":0,"footnotes":""},"categories":[1],"tags":[],"class_list":["post-2854","post","type-post","status-publish","format-standard","hentry","category-okategoriserad"],"acf":[],"yoast_head":"<!-- This site is optimized with the Yoast SEO plugin v27.2 - https:\/\/yoast.com\/product\/yoast-seo-wordpress\/ -->\n<title>Trygghetslarm som fungerar \u00e4ven utanf\u00f6r bostaden \u2013 en \u201dlyx\u201d som saknas i \u00d6rebro Kommun. - DHR - \u00d6rebro<\/title>\n<meta name=\"robots\" content=\"index, follow, max-snippet:-1, max-image-preview:large, max-video-preview:-1\" \/>\n<link rel=\"canonical\" href=\"https:\/\/dhr.se\/orebro\/trygghetslarm-som-fungerar-aven-utanfor-bostaden-en-lyx-som-saknas-i-orebro-kommun\/\" \/>\n<meta property=\"og:locale\" content=\"sv_SE\" \/>\n<meta property=\"og:type\" content=\"article\" \/>\n<meta property=\"og:title\" content=\"Trygghetslarm som fungerar \u00e4ven utanf\u00f6r bostaden \u2013 en \u201dlyx\u201d som saknas i \u00d6rebro Kommun. - DHR - \u00d6rebro\" \/>\n<meta property=\"og:description\" content=\"M\u00e5nga \u00e4ldre och funktionsnedsatta \u00d6rebroare utrustas idag med s k trygghetslarm som g\u00f6r att man bara genom att trycka p\u00e5 en knapp kan komma i kontakt med kommunens larmmottagare och p\u00e5 s\u00e5 s\u00e4tt f\u00e5 hj\u00e4lp om man exempelvis har fallit[&hellip;]\" \/>\n<meta property=\"og:url\" content=\"https:\/\/dhr.se\/orebro\/trygghetslarm-som-fungerar-aven-utanfor-bostaden-en-lyx-som-saknas-i-orebro-kommun\/\" \/>\n<meta property=\"og:site_name\" content=\"DHR - \u00d6rebro\" \/>\n<meta property=\"article:published_time\" content=\"2022-01-13T15:16:19+00:00\" \/>\n<meta property=\"article:modified_time\" content=\"2022-01-13T17:43:23+00:00\" \/>\n<meta property=\"og:image\" content=\"https:\/\/dhr.se\/orebro\/wp-content\/uploads\/sites\/23\/2022\/01\/image.png\" \/>\n<meta name=\"twitter:card\" content=\"summary_large_image\" \/>\n<meta name=\"twitter:label1\" content=\"Skriven av\" \/>\n\t<meta name=\"twitter:data1\" content=\"\" \/>\n\t<meta name=\"twitter:label2\" content=\"Ber\u00e4knad l\u00e4stid\" \/>\n\t<meta name=\"twitter:data2\" content=\"2 minuter\" \/>\n<script type=\"application\/ld+json\" class=\"yoast-schema-graph\">{\"@context\":\"https:\/\/schema.org\",\"@graph\":[{\"@type\":\"Article\",\"@id\":\"https:\/\/dhr.se\/orebro\/trygghetslarm-som-fungerar-aven-utanfor-bostaden-en-lyx-som-saknas-i-orebro-kommun\/#article\",\"isPartOf\":{\"@id\":\"https:\/\/dhr.se\/orebro\/trygghetslarm-som-fungerar-aven-utanfor-bostaden-en-lyx-som-saknas-i-orebro-kommun\/\"},\"author\":{\"name\":\"\",\"@id\":\"\"},\"headline\":\"Trygghetslarm som fungerar \u00e4ven utanf\u00f6r bostaden \u2013 en \u201dlyx\u201d som saknas i \u00d6rebro Kommun.\",\"datePublished\":\"2022-01-13T15:16:19+00:00\",\"dateModified\":\"2022-01-13T17:43:23+00:00\",\"mainEntityOfPage\":{\"@id\":\"https:\/\/dhr.se\/orebro\/trygghetslarm-som-fungerar-aven-utanfor-bostaden-en-lyx-som-saknas-i-orebro-kommun\/\"},\"wordCount\":275,\"image\":{\"@id\":\"https:\/\/dhr.se\/orebro\/trygghetslarm-som-fungerar-aven-utanfor-bostaden-en-lyx-som-saknas-i-orebro-kommun\/#primaryimage\"},\"thumbnailUrl\":\"https:\/\/dhr.se\/orebro\/wp-content\/uploads\/sites\/23\/2022\/01\/image.png\",\"articleSection\":[\"Okategoriserad\"],\"inLanguage\":\"sv-SE\"},{\"@type\":\"WebPage\",\"@id\":\"https:\/\/dhr.se\/orebro\/trygghetslarm-som-fungerar-aven-utanfor-bostaden-en-lyx-som-saknas-i-orebro-kommun\/\",\"url\":\"https:\/\/dhr.se\/orebro\/trygghetslarm-som-fungerar-aven-utanfor-bostaden-en-lyx-som-saknas-i-orebro-kommun\/\",\"name\":\"Trygghetslarm som fungerar \u00e4ven utanf\u00f6r bostaden \u2013 en \u201dlyx\u201d som saknas i \u00d6rebro Kommun. - DHR - \u00d6rebro\",\"isPartOf\":{\"@id\":\"https:\/\/dhr.se\/orebro\/#website\"},\"primaryImageOfPage\":{\"@id\":\"https:\/\/dhr.se\/orebro\/trygghetslarm-som-fungerar-aven-utanfor-bostaden-en-lyx-som-saknas-i-orebro-kommun\/#primaryimage\"},\"image\":{\"@id\":\"https:\/\/dhr.se\/orebro\/trygghetslarm-som-fungerar-aven-utanfor-bostaden-en-lyx-som-saknas-i-orebro-kommun\/#primaryimage\"},\"thumbnailUrl\":\"https:\/\/dhr.se\/orebro\/wp-content\/uploads\/sites\/23\/2022\/01\/image.png\",\"datePublished\":\"2022-01-13T15:16:19+00:00\",\"dateModified\":\"2022-01-13T17:43:23+00:00\",\"author\":{\"@id\":\"\"},\"breadcrumb\":{\"@id\":\"https:\/\/dhr.se\/orebro\/trygghetslarm-som-fungerar-aven-utanfor-bostaden-en-lyx-som-saknas-i-orebro-kommun\/#breadcrumb\"},\"inLanguage\":\"sv-SE\",\"potentialAction\":[{\"@type\":\"ReadAction\",\"target\":[\"https:\/\/dhr.se\/orebro\/trygghetslarm-som-fungerar-aven-utanfor-bostaden-en-lyx-som-saknas-i-orebro-kommun\/\"]}]},{\"@type\":\"ImageObject\",\"inLanguage\":\"sv-SE\",\"@id\":\"https:\/\/dhr.se\/orebro\/trygghetslarm-som-fungerar-aven-utanfor-bostaden-en-lyx-som-saknas-i-orebro-kommun\/#primaryimage\",\"url\":\"https:\/\/dhr.se\/orebro\/wp-content\/uploads\/sites\/23\/2022\/01\/image.png\",\"contentUrl\":\"https:\/\/dhr.se\/orebro\/wp-content\/uploads\/sites\/23\/2022\/01\/image.png\",\"width\":611,\"height\":339},{\"@type\":\"BreadcrumbList\",\"@id\":\"https:\/\/dhr.se\/orebro\/trygghetslarm-som-fungerar-aven-utanfor-bostaden-en-lyx-som-saknas-i-orebro-kommun\/#breadcrumb\",\"itemListElement\":[{\"@type\":\"ListItem\",\"position\":1,\"name\":\"Hem\",\"item\":\"https:\/\/dhr.se\/orebro\/\"},{\"@type\":\"ListItem\",\"position\":2,\"name\":\"Trygghetslarm som fungerar \u00e4ven utanf\u00f6r bostaden \u2013 en \u201dlyx\u201d som saknas i \u00d6rebro Kommun.\"}]},{\"@type\":\"WebSite\",\"@id\":\"https:\/\/dhr.se\/orebro\/#website\",\"url\":\"https:\/\/dhr.se\/orebro\/\",\"name\":\"DHR - \u00d6rebro\",\"description\":\"Delaktighet, r\u00f6relsefrihet och handlingskraft\",\"potentialAction\":[{\"@type\":\"SearchAction\",\"target\":{\"@type\":\"EntryPoint\",\"urlTemplate\":\"https:\/\/dhr.se\/orebro\/?s={search_term_string}\"},\"query-input\":{\"@type\":\"PropertyValueSpecification\",\"valueRequired\":true,\"valueName\":\"search_term_string\"}}],\"inLanguage\":\"sv-SE\"},{\"@type\":\"Person\",\"@id\":\"\",\"url\":\"https:\/\/dhr.se\/orebro\/author\/\"}]}<\/script>\n<!-- \/ Yoast SEO plugin. -->","yoast_head_json":{"title":"Trygghetslarm som fungerar \u00e4ven utanf\u00f6r bostaden \u2013 en \u201dlyx\u201d som saknas i \u00d6rebro Kommun. - DHR - \u00d6rebro","robots":{"index":"index","follow":"follow","max-snippet":"max-snippet:-1","max-image-preview":"max-image-preview:large","max-video-preview":"max-video-preview:-1"},"canonical":"https:\/\/dhr.se\/orebro\/trygghetslarm-som-fungerar-aven-utanfor-bostaden-en-lyx-som-saknas-i-orebro-kommun\/","og_locale":"sv_SE","og_type":"article","og_title":"Trygghetslarm som fungerar \u00e4ven utanf\u00f6r bostaden \u2013 en \u201dlyx\u201d som saknas i \u00d6rebro Kommun. - DHR - \u00d6rebro","og_description":"M\u00e5nga \u00e4ldre och funktionsnedsatta \u00d6rebroare utrustas idag med s k trygghetslarm som g\u00f6r att man bara genom att trycka p\u00e5 en knapp kan komma i kontakt med kommunens larmmottagare och p\u00e5 s\u00e5 s\u00e4tt f\u00e5 hj\u00e4lp om man exempelvis har fallit[&hellip;]","og_url":"https:\/\/dhr.se\/orebro\/trygghetslarm-som-fungerar-aven-utanfor-bostaden-en-lyx-som-saknas-i-orebro-kommun\/","og_site_name":"DHR - \u00d6rebro","article_published_time":"2022-01-13T15:16:19+00:00","article_modified_time":"2022-01-13T17:43:23+00:00","og_image":[{"url":"https:\/\/dhr.se\/orebro\/wp-content\/uploads\/sites\/23\/2022\/01\/image.png","type":"","width":"","height":""}],"twitter_card":"summary_large_image","twitter_misc":{"Skriven av":"","Ber\u00e4knad l\u00e4stid":"2 minuter"},"schema":{"@context":"https:\/\/schema.org","@graph":[{"@type":"Article","@id":"https:\/\/dhr.se\/orebro\/trygghetslarm-som-fungerar-aven-utanfor-bostaden-en-lyx-som-saknas-i-orebro-kommun\/#article","isPartOf":{"@id":"https:\/\/dhr.se\/orebro\/trygghetslarm-som-fungerar-aven-utanfor-bostaden-en-lyx-som-saknas-i-orebro-kommun\/"},"author":{"name":"","@id":""},"headline":"Trygghetslarm som fungerar \u00e4ven utanf\u00f6r bostaden \u2013 en \u201dlyx\u201d som saknas i \u00d6rebro Kommun.","datePublished":"2022-01-13T15:16:19+00:00","dateModified":"2022-01-13T17:43:23+00:00","mainEntityOfPage":{"@id":"https:\/\/dhr.se\/orebro\/trygghetslarm-som-fungerar-aven-utanfor-bostaden-en-lyx-som-saknas-i-orebro-kommun\/"},"wordCount":275,"image":{"@id":"https:\/\/dhr.se\/orebro\/trygghetslarm-som-fungerar-aven-utanfor-bostaden-en-lyx-som-saknas-i-orebro-kommun\/#primaryimage"},"thumbnailUrl":"https:\/\/dhr.se\/orebro\/wp-content\/uploads\/sites\/23\/2022\/01\/image.png","articleSection":["Okategoriserad"],"inLanguage":"sv-SE"},{"@type":"WebPage","@id":"https:\/\/dhr.se\/orebro\/trygghetslarm-som-fungerar-aven-utanfor-bostaden-en-lyx-som-saknas-i-orebro-kommun\/","url":"https:\/\/dhr.se\/orebro\/trygghetslarm-som-fungerar-aven-utanfor-bostaden-en-lyx-som-saknas-i-orebro-kommun\/","name":"Trygghetslarm som fungerar \u00e4ven utanf\u00f6r bostaden \u2013 en \u201dlyx\u201d som saknas i \u00d6rebro Kommun. - DHR - \u00d6rebro","isPartOf":{"@id":"https:\/\/dhr.se\/orebro\/#website"},"primaryImageOfPage":{"@id":"https:\/\/dhr.se\/orebro\/trygghetslarm-som-fungerar-aven-utanfor-bostaden-en-lyx-som-saknas-i-orebro-kommun\/#primaryimage"},"image":{"@id":"https:\/\/dhr.se\/orebro\/trygghetslarm-som-fungerar-aven-utanfor-bostaden-en-lyx-som-saknas-i-orebro-kommun\/#primaryimage"},"thumbnailUrl":"https:\/\/dhr.se\/orebro\/wp-content\/uploads\/sites\/23\/2022\/01\/image.png","datePublished":"2022-01-13T15:16:19+00:00","dateModified":"2022-01-13T17:43:23+00:00","author":{"@id":""},"breadcrumb":{"@id":"https:\/\/dhr.se\/orebro\/trygghetslarm-som-fungerar-aven-utanfor-bostaden-en-lyx-som-saknas-i-orebro-kommun\/#breadcrumb"},"inLanguage":"sv-SE","potentialAction":[{"@type":"ReadAction","target":["https:\/\/dhr.se\/orebro\/trygghetslarm-som-fungerar-aven-utanfor-bostaden-en-lyx-som-saknas-i-orebro-kommun\/"]}]},{"@type":"ImageObject","inLanguage":"sv-SE","@id":"https:\/\/dhr.se\/orebro\/trygghetslarm-som-fungerar-aven-utanfor-bostaden-en-lyx-som-saknas-i-orebro-kommun\/#primaryimage","url":"https:\/\/dhr.se\/orebro\/wp-content\/uploads\/sites\/23\/2022\/01\/image.png","contentUrl":"https:\/\/dhr.se\/orebro\/wp-content\/uploads\/sites\/23\/2022\/01\/image.png","width":611,"height":339},{"@type":"BreadcrumbList","@id":"https:\/\/dhr.se\/orebro\/trygghetslarm-som-fungerar-aven-utanfor-bostaden-en-lyx-som-saknas-i-orebro-kommun\/#breadcrumb","itemListElement":[{"@type":"ListItem","position":1,"name":"Hem","item":"https:\/\/dhr.se\/orebro\/"},{"@type":"ListItem","position":2,"name":"Trygghetslarm som fungerar \u00e4ven utanf\u00f6r bostaden \u2013 en \u201dlyx\u201d som saknas i \u00d6rebro Kommun."}]},{"@type":"WebSite","@id":"https:\/\/dhr.se\/orebro\/#website","url":"https:\/\/dhr.se\/orebro\/","name":"DHR - \u00d6rebro","description":"Delaktighet, r\u00f6relsefrihet och handlingskraft","potentialAction":[{"@type":"SearchAction","target":{"@type":"EntryPoint","urlTemplate":"https:\/\/dhr.se\/orebro\/?s={search_term_string}"},"query-input":{"@type":"PropertyValueSpecification","valueRequired":true,"valueName":"search_term_string"}}],"inLanguage":"sv-SE"},{"@type":"Person","@id":"","url":"https:\/\/dhr.se\/orebro\/author\/"}]}},"publishpress_future_action":{"enabled":false,"date":"2026-05-04 18:08:29","action":"change-status","newStatus":"draft","terms":[],"taxonomy":"category","extraData":[]},"publishpress_future_workflow_manual_trigger":{"enabledWorkflows":[]},"_links":{"self":[{"href":"https:\/\/dhr.se\/orebro\/wp-json\/wp\/v2\/posts\/2854","targetHints":{"allow":["GET"]}}],"collection":[{"href":"https:\/\/dhr.se\/orebro\/wp-json\/wp\/v2\/posts"}],"about":[{"href":"https:\/\/dhr.se\/orebro\/wp-json\/wp\/v2\/types\/post"}],"author":[{"embeddable":true,"href":"https:\/\/dhr.se\/orebro\/wp-json\/wp\/v2\/users\/25"}],"replies":[{"embeddable":true,"href":"https:\/\/dhr.se\/orebro\/wp-json\/wp\/v2\/comments?post=2854"}],"version-history":[{"count":0,"href":"https:\/\/dhr.se\/orebro\/wp-json\/wp\/v2\/posts\/2854\/revisions"}],"wp:attachment":[{"href":"https:\/\/dhr.se\/orebro\/wp-json\/wp\/v2\/media?parent=2854"}],"wp:term":[{"taxonomy":"category","embeddable":true,"href":"https:\/\/dhr.se\/orebro\/wp-json\/wp\/v2\/categories?post=2854"},{"taxonomy":"post_tag","embeddable":true,"href":"https:\/\/dhr.se\/orebro\/wp-json\/wp\/v2\/tags?post=2854"}],"curies":[{"name":"wp","href":"https:\/\/api.w.org\/{rel}","templated":true}]}}