{"id":3053,"date":"2022-10-09T12:02:59","date_gmt":"2022-10-09T10:02:59","guid":{"rendered":"https:\/\/dhr.se\/orebro\/?p=3053"},"modified":"2022-10-24T11:43:33","modified_gmt":"2022-10-24T09:43:33","slug":"stopp-nu-far-det-vara-nog-bli-medlem-i-dhr","status":"publish","type":"post","link":"https:\/\/dhr.se\/orebro\/stopp-nu-far-det-vara-nog-bli-medlem-i-dhr\/","title":{"rendered":"STOPP! Nu f\u00e5r det vara nog \u2013 BLI MEDLEM i DHR!"},"content":{"rendered":"\n<p>S\u00f6ndagen den 9 oktober kunde man i Nerikes Allehanda l\u00e4sa ett antal av varandra helt oberoende artiklar som alla beskriver samh\u00e4llsutvecklingen just nu.<\/p>\n\n\n\n<p>Dessa artiklar handlar om vilka konsekvenser det blir f\u00f6r enskilda personer med funktionsneds\u00e4ttningar n\u00e4r resurserna minskar.<\/p>\n\n\n\n<p><strong>Hampetorp<\/strong><br><a href=\"https:\/\/etidning.na.se\/p\/na\/2022-10-09\/a\/mia-kunde-inte-bada-i-sjon-pa-hela-sommaren\/2013\/601115\/31465987\" target=\"_blank\" rel=\"noreferrer noopener\">\u201dMaj kunde inte bada i sj\u00f6n p\u00e5 hela sommaren\u201d.<\/a><br>Handlar om att handikapprampen vid badet \u00e4r trasig.<\/p>\n\n\n\n<p><a href=\"https:\/\/etidning.na.se\/p\/na\/2022-10-09\/a\/kommunen-hade-inte-pengar-till-en-ny-ramp-i-ar\/2013\/601115\/31465989\" target=\"_blank\" rel=\"noreferrer noopener\">\u201dKommunen hade inte pengar till en ny ramp i \u00e5r\u201d.<\/a><br>Kommunens f\u00f6rklaring till varf\u00f6r rampen och duschen inte har lagats.<\/p>\n\n\n\n<p><strong>Kumla<\/strong><br><a href=\"https:\/\/etidning.na.se\/p\/na\/2022-10-09\/a\/magnus-far-inte-langre-assistans-man-blir-apatisk\/2013\/601115\/31466161\">\u201dMagnus f\u00e5r inte l\u00e4ngre assistans: Man blir apatisk&#8221;.<\/a><br>Handlar om indragen personlig assistans efter 20 \u00e5r<\/p>\n\n\n\n<p><strong>Nora<\/strong><br><a href=\"https:\/\/etidning.na.se\/p\/na\/2022-10-09\/a\/kommunal-bekraftar-nu-personalens-bild\/2013\/601115\/31466193\" target=\"_blank\" rel=\"noreferrer noopener\">\u201dKommunal bekr\u00e4ftar nu personalens bild\u201d<\/a><br>Handlar om personalproblem p\u00e5 ett LSS-boende<\/p>\n\n\n\n<p>Hj\u00e4lp till att stoppa de p\u00e5g\u00e5ende nedsk\u00e4rningarna av de offentliga ekonomiska resurserna inom funktionshinderomr\u00e5det genom att <a href=\"https:\/\/forms.office.com\/Pages\/ResponsePage.aspx?id=32BUTYdTy06hR4o3SJpzp70BmoAou8hMvOIhRXibDYxUNElEQVIzRTJGNlY5OTZMUU9OWkMwMko3Ty4u\" target=\"_blank\" rel=\"noreferrer noopener\">bli medlem i DHR<\/a>. Vi k\u00e4mpar f\u00f6r<\/p>\n\n\n\n<p>DELAKTIGHET, HANDLINGSKRAFT och R\u00d6RELSEFRIHET<\/p>\n","protected":false},"excerpt":{"rendered":"<p>S\u00f6ndagen den 9 oktober kunde man i Nerikes Allehanda l\u00e4sa ett antal av varandra helt oberoende artiklar som alla beskriver samh\u00e4llsutvecklingen just nu. Dessa artiklar handlar om vilka konsekvenser det blir f\u00f6r enskilda personer med funktionsneds\u00e4ttningar n\u00e4r resurserna minskar. Hampetorp\u201dMaj[&hellip;]<\/p>\n","protected":false},"author":25,"featured_media":0,"comment_status":"closed","ping_status":"open","sticky":false,"template":"","format":"standard","meta":{"_acf_changed":false,"_monsterinsights_skip_tracking":false,"_monsterinsights_sitenote_active":false,"_monsterinsights_sitenote_note":"","_monsterinsights_sitenote_category":0,"footnotes":""},"categories":[1],"tags":[],"class_list":["post-3053","post","type-post","status-publish","format-standard","hentry","category-okategoriserad"],"acf":[],"yoast_head":"<!-- This site is optimized with the Yoast SEO plugin v27.2 - https:\/\/yoast.com\/product\/yoast-seo-wordpress\/ -->\n<title>STOPP! Nu f\u00e5r det vara nog \u2013 BLI MEDLEM i DHR! - DHR - \u00d6rebro<\/title>\n<meta name=\"robots\" content=\"index, follow, max-snippet:-1, max-image-preview:large, max-video-preview:-1\" \/>\n<link rel=\"canonical\" href=\"https:\/\/dhr.se\/orebro\/stopp-nu-far-det-vara-nog-bli-medlem-i-dhr\/\" \/>\n<meta property=\"og:locale\" content=\"sv_SE\" \/>\n<meta property=\"og:type\" content=\"article\" \/>\n<meta property=\"og:title\" content=\"STOPP! Nu f\u00e5r det vara nog \u2013 BLI MEDLEM i DHR! - DHR - \u00d6rebro\" \/>\n<meta property=\"og:description\" content=\"S\u00f6ndagen den 9 oktober kunde man i Nerikes Allehanda l\u00e4sa ett antal av varandra helt oberoende artiklar som alla beskriver samh\u00e4llsutvecklingen just nu. Dessa artiklar handlar om vilka konsekvenser det blir f\u00f6r enskilda personer med funktionsneds\u00e4ttningar n\u00e4r resurserna minskar. Hampetorp\u201dMaj[&hellip;]\" \/>\n<meta property=\"og:url\" content=\"https:\/\/dhr.se\/orebro\/stopp-nu-far-det-vara-nog-bli-medlem-i-dhr\/\" \/>\n<meta property=\"og:site_name\" content=\"DHR - \u00d6rebro\" \/>\n<meta property=\"article:published_time\" content=\"2022-10-09T10:02:59+00:00\" \/>\n<meta property=\"article:modified_time\" content=\"2022-10-24T09:43:33+00:00\" \/>\n<meta name=\"twitter:card\" content=\"summary_large_image\" \/>\n<meta name=\"twitter:label1\" content=\"Skriven av\" \/>\n\t<meta name=\"twitter:data1\" content=\"\" \/>\n\t<meta name=\"twitter:label2\" content=\"Ber\u00e4knad l\u00e4stid\" \/>\n\t<meta name=\"twitter:data2\" content=\"1 minut\" \/>\n<script type=\"application\/ld+json\" class=\"yoast-schema-graph\">{\"@context\":\"https:\/\/schema.org\",\"@graph\":[{\"@type\":\"Article\",\"@id\":\"https:\/\/dhr.se\/orebro\/stopp-nu-far-det-vara-nog-bli-medlem-i-dhr\/#article\",\"isPartOf\":{\"@id\":\"https:\/\/dhr.se\/orebro\/stopp-nu-far-det-vara-nog-bli-medlem-i-dhr\/\"},\"author\":{\"name\":\"\",\"@id\":\"\"},\"headline\":\"STOPP! Nu f\u00e5r det vara nog \u2013 BLI MEDLEM i DHR!\",\"datePublished\":\"2022-10-09T10:02:59+00:00\",\"dateModified\":\"2022-10-24T09:43:33+00:00\",\"mainEntityOfPage\":{\"@id\":\"https:\/\/dhr.se\/orebro\/stopp-nu-far-det-vara-nog-bli-medlem-i-dhr\/\"},\"wordCount\":162,\"articleSection\":[\"Okategoriserad\"],\"inLanguage\":\"sv-SE\"},{\"@type\":\"WebPage\",\"@id\":\"https:\/\/dhr.se\/orebro\/stopp-nu-far-det-vara-nog-bli-medlem-i-dhr\/\",\"url\":\"https:\/\/dhr.se\/orebro\/stopp-nu-far-det-vara-nog-bli-medlem-i-dhr\/\",\"name\":\"STOPP! Nu f\u00e5r det vara nog \u2013 BLI MEDLEM i DHR! - DHR - \u00d6rebro\",\"isPartOf\":{\"@id\":\"https:\/\/dhr.se\/orebro\/#website\"},\"datePublished\":\"2022-10-09T10:02:59+00:00\",\"dateModified\":\"2022-10-24T09:43:33+00:00\",\"author\":{\"@id\":\"\"},\"breadcrumb\":{\"@id\":\"https:\/\/dhr.se\/orebro\/stopp-nu-far-det-vara-nog-bli-medlem-i-dhr\/#breadcrumb\"},\"inLanguage\":\"sv-SE\",\"potentialAction\":[{\"@type\":\"ReadAction\",\"target\":[\"https:\/\/dhr.se\/orebro\/stopp-nu-far-det-vara-nog-bli-medlem-i-dhr\/\"]}]},{\"@type\":\"BreadcrumbList\",\"@id\":\"https:\/\/dhr.se\/orebro\/stopp-nu-far-det-vara-nog-bli-medlem-i-dhr\/#breadcrumb\",\"itemListElement\":[{\"@type\":\"ListItem\",\"position\":1,\"name\":\"Hem\",\"item\":\"https:\/\/dhr.se\/orebro\/\"},{\"@type\":\"ListItem\",\"position\":2,\"name\":\"STOPP! Nu f\u00e5r det vara nog \u2013 BLI MEDLEM i DHR!\"}]},{\"@type\":\"WebSite\",\"@id\":\"https:\/\/dhr.se\/orebro\/#website\",\"url\":\"https:\/\/dhr.se\/orebro\/\",\"name\":\"DHR - \u00d6rebro\",\"description\":\"Delaktighet, r\u00f6relsefrihet och handlingskraft\",\"potentialAction\":[{\"@type\":\"SearchAction\",\"target\":{\"@type\":\"EntryPoint\",\"urlTemplate\":\"https:\/\/dhr.se\/orebro\/?s={search_term_string}\"},\"query-input\":{\"@type\":\"PropertyValueSpecification\",\"valueRequired\":true,\"valueName\":\"search_term_string\"}}],\"inLanguage\":\"sv-SE\"},{\"@type\":\"Person\",\"@id\":\"\",\"url\":\"https:\/\/dhr.se\/orebro\/author\/\"}]}<\/script>\n<!-- \/ Yoast SEO plugin. -->","yoast_head_json":{"title":"STOPP! Nu f\u00e5r det vara nog \u2013 BLI MEDLEM i DHR! - DHR - \u00d6rebro","robots":{"index":"index","follow":"follow","max-snippet":"max-snippet:-1","max-image-preview":"max-image-preview:large","max-video-preview":"max-video-preview:-1"},"canonical":"https:\/\/dhr.se\/orebro\/stopp-nu-far-det-vara-nog-bli-medlem-i-dhr\/","og_locale":"sv_SE","og_type":"article","og_title":"STOPP! Nu f\u00e5r det vara nog \u2013 BLI MEDLEM i DHR! - DHR - \u00d6rebro","og_description":"S\u00f6ndagen den 9 oktober kunde man i Nerikes Allehanda l\u00e4sa ett antal av varandra helt oberoende artiklar som alla beskriver samh\u00e4llsutvecklingen just nu. Dessa artiklar handlar om vilka konsekvenser det blir f\u00f6r enskilda personer med funktionsneds\u00e4ttningar n\u00e4r resurserna minskar. Hampetorp\u201dMaj[&hellip;]","og_url":"https:\/\/dhr.se\/orebro\/stopp-nu-far-det-vara-nog-bli-medlem-i-dhr\/","og_site_name":"DHR - \u00d6rebro","article_published_time":"2022-10-09T10:02:59+00:00","article_modified_time":"2022-10-24T09:43:33+00:00","twitter_card":"summary_large_image","twitter_misc":{"Skriven av":"","Ber\u00e4knad l\u00e4stid":"1 minut"},"schema":{"@context":"https:\/\/schema.org","@graph":[{"@type":"Article","@id":"https:\/\/dhr.se\/orebro\/stopp-nu-far-det-vara-nog-bli-medlem-i-dhr\/#article","isPartOf":{"@id":"https:\/\/dhr.se\/orebro\/stopp-nu-far-det-vara-nog-bli-medlem-i-dhr\/"},"author":{"name":"","@id":""},"headline":"STOPP! Nu f\u00e5r det vara nog \u2013 BLI MEDLEM i DHR!","datePublished":"2022-10-09T10:02:59+00:00","dateModified":"2022-10-24T09:43:33+00:00","mainEntityOfPage":{"@id":"https:\/\/dhr.se\/orebro\/stopp-nu-far-det-vara-nog-bli-medlem-i-dhr\/"},"wordCount":162,"articleSection":["Okategoriserad"],"inLanguage":"sv-SE"},{"@type":"WebPage","@id":"https:\/\/dhr.se\/orebro\/stopp-nu-far-det-vara-nog-bli-medlem-i-dhr\/","url":"https:\/\/dhr.se\/orebro\/stopp-nu-far-det-vara-nog-bli-medlem-i-dhr\/","name":"STOPP! Nu f\u00e5r det vara nog \u2013 BLI MEDLEM i DHR! - DHR - \u00d6rebro","isPartOf":{"@id":"https:\/\/dhr.se\/orebro\/#website"},"datePublished":"2022-10-09T10:02:59+00:00","dateModified":"2022-10-24T09:43:33+00:00","author":{"@id":""},"breadcrumb":{"@id":"https:\/\/dhr.se\/orebro\/stopp-nu-far-det-vara-nog-bli-medlem-i-dhr\/#breadcrumb"},"inLanguage":"sv-SE","potentialAction":[{"@type":"ReadAction","target":["https:\/\/dhr.se\/orebro\/stopp-nu-far-det-vara-nog-bli-medlem-i-dhr\/"]}]},{"@type":"BreadcrumbList","@id":"https:\/\/dhr.se\/orebro\/stopp-nu-far-det-vara-nog-bli-medlem-i-dhr\/#breadcrumb","itemListElement":[{"@type":"ListItem","position":1,"name":"Hem","item":"https:\/\/dhr.se\/orebro\/"},{"@type":"ListItem","position":2,"name":"STOPP! Nu f\u00e5r det vara nog \u2013 BLI MEDLEM i DHR!"}]},{"@type":"WebSite","@id":"https:\/\/dhr.se\/orebro\/#website","url":"https:\/\/dhr.se\/orebro\/","name":"DHR - \u00d6rebro","description":"Delaktighet, r\u00f6relsefrihet och handlingskraft","potentialAction":[{"@type":"SearchAction","target":{"@type":"EntryPoint","urlTemplate":"https:\/\/dhr.se\/orebro\/?s={search_term_string}"},"query-input":{"@type":"PropertyValueSpecification","valueRequired":true,"valueName":"search_term_string"}}],"inLanguage":"sv-SE"},{"@type":"Person","@id":"","url":"https:\/\/dhr.se\/orebro\/author\/"}]}},"publishpress_future_action":{"enabled":false,"date":"2026-05-04 20:43:44","action":"change-status","newStatus":"draft","terms":[],"taxonomy":"category","extraData":[]},"publishpress_future_workflow_manual_trigger":{"enabledWorkflows":[]},"_links":{"self":[{"href":"https:\/\/dhr.se\/orebro\/wp-json\/wp\/v2\/posts\/3053","targetHints":{"allow":["GET"]}}],"collection":[{"href":"https:\/\/dhr.se\/orebro\/wp-json\/wp\/v2\/posts"}],"about":[{"href":"https:\/\/dhr.se\/orebro\/wp-json\/wp\/v2\/types\/post"}],"author":[{"embeddable":true,"href":"https:\/\/dhr.se\/orebro\/wp-json\/wp\/v2\/users\/25"}],"replies":[{"embeddable":true,"href":"https:\/\/dhr.se\/orebro\/wp-json\/wp\/v2\/comments?post=3053"}],"version-history":[{"count":0,"href":"https:\/\/dhr.se\/orebro\/wp-json\/wp\/v2\/posts\/3053\/revisions"}],"wp:attachment":[{"href":"https:\/\/dhr.se\/orebro\/wp-json\/wp\/v2\/media?parent=3053"}],"wp:term":[{"taxonomy":"category","embeddable":true,"href":"https:\/\/dhr.se\/orebro\/wp-json\/wp\/v2\/categories?post=3053"},{"taxonomy":"post_tag","embeddable":true,"href":"https:\/\/dhr.se\/orebro\/wp-json\/wp\/v2\/tags?post=3053"}],"curies":[{"name":"wp","href":"https:\/\/api.w.org\/{rel}","templated":true}]}}