{"id":3147,"date":"2023-01-20T10:29:27","date_gmt":"2023-01-20T09:29:27","guid":{"rendered":"https:\/\/dhr.se\/orebro\/?p=3147"},"modified":"2023-01-20T10:29:45","modified_gmt":"2023-01-20T09:29:45","slug":"sorgebesked","status":"publish","type":"post","link":"https:\/\/dhr.se\/orebro\/sorgebesked\/","title":{"rendered":"Sorgebesked"},"content":{"rendered":"\n<p>Det \u00e4r med tungt hj\u00e4rta vi den 4 januari n\u00e5tts av beskedet att Christer Johansson, uppskattad och kunnig ordf\u00f6rande i DHR \u00d6rebroavdelning, hastigt l\u00e4mnat oss. Han l\u00e4mnar ett stort tomrum i debatten f\u00f6r funktionshinderfr\u00e5gor i \u00d6rebro.<\/p>\n\n\n\n<p>V\u00e5ra tankar g\u00e5r till Christers familj.<\/p>\n\n\n\n<figure class=\"wp-block-image size-large is-style-default\"><img loading=\"lazy\" decoding=\"async\" width=\"1024\" height=\"683\" src=\"https:\/\/dhr.se\/orebro\/wp-content\/uploads\/sites\/23\/2023\/01\/candle-g1030e9f30_1920_pexels_Andreas-Lischka-1-1-1024x683.jpg\" alt=\"Ett ensamt stearinljus lyser i m\u00f6rkret.\" class=\"wp-image-3151\" srcset=\"https:\/\/dhr.se\/orebro\/wp-content\/uploads\/sites\/23\/2023\/01\/candle-g1030e9f30_1920_pexels_Andreas-Lischka-1-1-1024x683.jpg 1024w, https:\/\/dhr.se\/orebro\/wp-content\/uploads\/sites\/23\/2023\/01\/candle-g1030e9f30_1920_pexels_Andreas-Lischka-1-1-300x200.jpg 300w, https:\/\/dhr.se\/orebro\/wp-content\/uploads\/sites\/23\/2023\/01\/candle-g1030e9f30_1920_pexels_Andreas-Lischka-1-1-768x512.jpg 768w, https:\/\/dhr.se\/orebro\/wp-content\/uploads\/sites\/23\/2023\/01\/candle-g1030e9f30_1920_pexels_Andreas-Lischka-1-1-1536x1024.jpg 1536w, https:\/\/dhr.se\/orebro\/wp-content\/uploads\/sites\/23\/2023\/01\/candle-g1030e9f30_1920_pexels_Andreas-Lischka-1-1-1600x1067.jpg 1600w, https:\/\/dhr.se\/orebro\/wp-content\/uploads\/sites\/23\/2023\/01\/candle-g1030e9f30_1920_pexels_Andreas-Lischka-1-1.jpg 1920w\" sizes=\"auto, (max-width: 1024px) 100vw, 1024px\" \/><figcaption>Foto: Pexels \/ Andreas Lischka<\/figcaption><\/figure>\n","protected":false},"excerpt":{"rendered":"<p>Det \u00e4r med tungt hj\u00e4rta vi den 4 januari n\u00e5tts av beskedet att Christer Johansson, uppskattad och kunnig ordf\u00f6rande i DHR \u00d6rebroavdelning, hastigt l\u00e4mnat oss. Han l\u00e4mnar ett stort tomrum i debatten f\u00f6r funktionshinderfr\u00e5gor i \u00d6rebro. V\u00e5ra tankar g\u00e5r till[&hellip;]<\/p>\n","protected":false},"author":8,"featured_media":0,"comment_status":"closed","ping_status":"open","sticky":false,"template":"","format":"standard","meta":{"_acf_changed":false,"_monsterinsights_skip_tracking":false,"_monsterinsights_sitenote_active":false,"_monsterinsights_sitenote_note":"","_monsterinsights_sitenote_category":0,"footnotes":""},"categories":[1],"tags":[],"class_list":["post-3147","post","type-post","status-publish","format-standard","hentry","category-okategoriserad"],"acf":[],"yoast_head":"<!-- This site is optimized with the Yoast SEO plugin v27.2 - https:\/\/yoast.com\/product\/yoast-seo-wordpress\/ -->\n<title>Sorgebesked - DHR - \u00d6rebro<\/title>\n<meta name=\"robots\" content=\"index, follow, max-snippet:-1, max-image-preview:large, max-video-preview:-1\" \/>\n<link rel=\"canonical\" href=\"https:\/\/dhr.se\/orebro\/sorgebesked\/\" \/>\n<meta property=\"og:locale\" content=\"sv_SE\" \/>\n<meta property=\"og:type\" content=\"article\" \/>\n<meta property=\"og:title\" content=\"Sorgebesked - DHR - \u00d6rebro\" \/>\n<meta property=\"og:description\" content=\"Det \u00e4r med tungt hj\u00e4rta vi den 4 januari n\u00e5tts av beskedet att Christer Johansson, uppskattad och kunnig ordf\u00f6rande i DHR \u00d6rebroavdelning, hastigt l\u00e4mnat oss. Han l\u00e4mnar ett stort tomrum i debatten f\u00f6r funktionshinderfr\u00e5gor i \u00d6rebro. V\u00e5ra tankar g\u00e5r till[&hellip;]\" \/>\n<meta property=\"og:url\" content=\"https:\/\/dhr.se\/orebro\/sorgebesked\/\" \/>\n<meta property=\"og:site_name\" content=\"DHR - \u00d6rebro\" \/>\n<meta property=\"article:published_time\" content=\"2023-01-20T09:29:27+00:00\" \/>\n<meta property=\"article:modified_time\" content=\"2023-01-20T09:29:45+00:00\" \/>\n<meta property=\"og:image\" content=\"https:\/\/dhr.se\/orebro\/wp-content\/uploads\/sites\/23\/2023\/01\/candle-g1030e9f30_1920_pexels_Andreas-Lischka-1-1-1024x683.jpg\" \/>\n<meta name=\"author\" content=\"umea\" \/>\n<meta name=\"twitter:card\" content=\"summary_large_image\" \/>\n<meta name=\"twitter:label1\" content=\"Skriven av\" \/>\n\t<meta name=\"twitter:data1\" content=\"umea\" \/>\n\t<meta name=\"twitter:label2\" content=\"Ber\u00e4knad l\u00e4stid\" \/>\n\t<meta name=\"twitter:data2\" content=\"1 minut\" \/>\n<script type=\"application\/ld+json\" class=\"yoast-schema-graph\">{\"@context\":\"https:\/\/schema.org\",\"@graph\":[{\"@type\":\"Article\",\"@id\":\"https:\/\/dhr.se\/orebro\/sorgebesked\/#article\",\"isPartOf\":{\"@id\":\"https:\/\/dhr.se\/orebro\/sorgebesked\/\"},\"author\":{\"name\":\"umea\",\"@id\":\"https:\/\/dhr.se\/orebro\/#\/schema\/person\/50a8e69e1d07adc2fe825595f0f34ad6\"},\"headline\":\"Sorgebesked\",\"datePublished\":\"2023-01-20T09:29:27+00:00\",\"dateModified\":\"2023-01-20T09:29:45+00:00\",\"mainEntityOfPage\":{\"@id\":\"https:\/\/dhr.se\/orebro\/sorgebesked\/\"},\"wordCount\":55,\"image\":{\"@id\":\"https:\/\/dhr.se\/orebro\/sorgebesked\/#primaryimage\"},\"thumbnailUrl\":\"https:\/\/dhr.se\/orebro\/wp-content\/uploads\/sites\/23\/2023\/01\/candle-g1030e9f30_1920_pexels_Andreas-Lischka-1-1-1024x683.jpg\",\"articleSection\":[\"Okategoriserad\"],\"inLanguage\":\"sv-SE\"},{\"@type\":\"WebPage\",\"@id\":\"https:\/\/dhr.se\/orebro\/sorgebesked\/\",\"url\":\"https:\/\/dhr.se\/orebro\/sorgebesked\/\",\"name\":\"Sorgebesked - DHR - \u00d6rebro\",\"isPartOf\":{\"@id\":\"https:\/\/dhr.se\/orebro\/#website\"},\"primaryImageOfPage\":{\"@id\":\"https:\/\/dhr.se\/orebro\/sorgebesked\/#primaryimage\"},\"image\":{\"@id\":\"https:\/\/dhr.se\/orebro\/sorgebesked\/#primaryimage\"},\"thumbnailUrl\":\"https:\/\/dhr.se\/orebro\/wp-content\/uploads\/sites\/23\/2023\/01\/candle-g1030e9f30_1920_pexels_Andreas-Lischka-1-1-1024x683.jpg\",\"datePublished\":\"2023-01-20T09:29:27+00:00\",\"dateModified\":\"2023-01-20T09:29:45+00:00\",\"author\":{\"@id\":\"https:\/\/dhr.se\/orebro\/#\/schema\/person\/50a8e69e1d07adc2fe825595f0f34ad6\"},\"breadcrumb\":{\"@id\":\"https:\/\/dhr.se\/orebro\/sorgebesked\/#breadcrumb\"},\"inLanguage\":\"sv-SE\",\"potentialAction\":[{\"@type\":\"ReadAction\",\"target\":[\"https:\/\/dhr.se\/orebro\/sorgebesked\/\"]}]},{\"@type\":\"ImageObject\",\"inLanguage\":\"sv-SE\",\"@id\":\"https:\/\/dhr.se\/orebro\/sorgebesked\/#primaryimage\",\"url\":\"https:\/\/dhr.se\/orebro\/wp-content\/uploads\/sites\/23\/2023\/01\/candle-g1030e9f30_1920_pexels_Andreas-Lischka-1-1.jpg\",\"contentUrl\":\"https:\/\/dhr.se\/orebro\/wp-content\/uploads\/sites\/23\/2023\/01\/candle-g1030e9f30_1920_pexels_Andreas-Lischka-1-1.jpg\",\"width\":1920,\"height\":1280,\"caption\":\"Foto: Pexels \/ Andreas Lischka\"},{\"@type\":\"BreadcrumbList\",\"@id\":\"https:\/\/dhr.se\/orebro\/sorgebesked\/#breadcrumb\",\"itemListElement\":[{\"@type\":\"ListItem\",\"position\":1,\"name\":\"Hem\",\"item\":\"https:\/\/dhr.se\/orebro\/\"},{\"@type\":\"ListItem\",\"position\":2,\"name\":\"Sorgebesked\"}]},{\"@type\":\"WebSite\",\"@id\":\"https:\/\/dhr.se\/orebro\/#website\",\"url\":\"https:\/\/dhr.se\/orebro\/\",\"name\":\"DHR - \u00d6rebro\",\"description\":\"Delaktighet, r\u00f6relsefrihet och handlingskraft\",\"potentialAction\":[{\"@type\":\"SearchAction\",\"target\":{\"@type\":\"EntryPoint\",\"urlTemplate\":\"https:\/\/dhr.se\/orebro\/?s={search_term_string}\"},\"query-input\":{\"@type\":\"PropertyValueSpecification\",\"valueRequired\":true,\"valueName\":\"search_term_string\"}}],\"inLanguage\":\"sv-SE\"},{\"@type\":\"Person\",\"@id\":\"https:\/\/dhr.se\/orebro\/#\/schema\/person\/50a8e69e1d07adc2fe825595f0f34ad6\",\"name\":\"umea\",\"image\":{\"@type\":\"ImageObject\",\"inLanguage\":\"sv-SE\",\"@id\":\"https:\/\/secure.gravatar.com\/avatar\/8275a5483835fcee8513df21a366166ec536087051131946fee4882661b78845?s=96&d=mm&r=g\",\"url\":\"https:\/\/secure.gravatar.com\/avatar\/8275a5483835fcee8513df21a366166ec536087051131946fee4882661b78845?s=96&d=mm&r=g\",\"contentUrl\":\"https:\/\/secure.gravatar.com\/avatar\/8275a5483835fcee8513df21a366166ec536087051131946fee4882661b78845?s=96&d=mm&r=g\",\"caption\":\"umea\"},\"url\":\"https:\/\/dhr.se\/orebro\/author\/umea\/\"}]}<\/script>\n<!-- \/ Yoast SEO plugin. -->","yoast_head_json":{"title":"Sorgebesked - DHR - \u00d6rebro","robots":{"index":"index","follow":"follow","max-snippet":"max-snippet:-1","max-image-preview":"max-image-preview:large","max-video-preview":"max-video-preview:-1"},"canonical":"https:\/\/dhr.se\/orebro\/sorgebesked\/","og_locale":"sv_SE","og_type":"article","og_title":"Sorgebesked - DHR - \u00d6rebro","og_description":"Det \u00e4r med tungt hj\u00e4rta vi den 4 januari n\u00e5tts av beskedet att Christer Johansson, uppskattad och kunnig ordf\u00f6rande i DHR \u00d6rebroavdelning, hastigt l\u00e4mnat oss. Han l\u00e4mnar ett stort tomrum i debatten f\u00f6r funktionshinderfr\u00e5gor i \u00d6rebro. V\u00e5ra tankar g\u00e5r till[&hellip;]","og_url":"https:\/\/dhr.se\/orebro\/sorgebesked\/","og_site_name":"DHR - \u00d6rebro","article_published_time":"2023-01-20T09:29:27+00:00","article_modified_time":"2023-01-20T09:29:45+00:00","og_image":[{"url":"https:\/\/dhr.se\/orebro\/wp-content\/uploads\/sites\/23\/2023\/01\/candle-g1030e9f30_1920_pexels_Andreas-Lischka-1-1-1024x683.jpg","type":"","width":"","height":""}],"author":"umea","twitter_card":"summary_large_image","twitter_misc":{"Skriven av":"umea","Ber\u00e4knad l\u00e4stid":"1 minut"},"schema":{"@context":"https:\/\/schema.org","@graph":[{"@type":"Article","@id":"https:\/\/dhr.se\/orebro\/sorgebesked\/#article","isPartOf":{"@id":"https:\/\/dhr.se\/orebro\/sorgebesked\/"},"author":{"name":"umea","@id":"https:\/\/dhr.se\/orebro\/#\/schema\/person\/50a8e69e1d07adc2fe825595f0f34ad6"},"headline":"Sorgebesked","datePublished":"2023-01-20T09:29:27+00:00","dateModified":"2023-01-20T09:29:45+00:00","mainEntityOfPage":{"@id":"https:\/\/dhr.se\/orebro\/sorgebesked\/"},"wordCount":55,"image":{"@id":"https:\/\/dhr.se\/orebro\/sorgebesked\/#primaryimage"},"thumbnailUrl":"https:\/\/dhr.se\/orebro\/wp-content\/uploads\/sites\/23\/2023\/01\/candle-g1030e9f30_1920_pexels_Andreas-Lischka-1-1-1024x683.jpg","articleSection":["Okategoriserad"],"inLanguage":"sv-SE"},{"@type":"WebPage","@id":"https:\/\/dhr.se\/orebro\/sorgebesked\/","url":"https:\/\/dhr.se\/orebro\/sorgebesked\/","name":"Sorgebesked - DHR - \u00d6rebro","isPartOf":{"@id":"https:\/\/dhr.se\/orebro\/#website"},"primaryImageOfPage":{"@id":"https:\/\/dhr.se\/orebro\/sorgebesked\/#primaryimage"},"image":{"@id":"https:\/\/dhr.se\/orebro\/sorgebesked\/#primaryimage"},"thumbnailUrl":"https:\/\/dhr.se\/orebro\/wp-content\/uploads\/sites\/23\/2023\/01\/candle-g1030e9f30_1920_pexels_Andreas-Lischka-1-1-1024x683.jpg","datePublished":"2023-01-20T09:29:27+00:00","dateModified":"2023-01-20T09:29:45+00:00","author":{"@id":"https:\/\/dhr.se\/orebro\/#\/schema\/person\/50a8e69e1d07adc2fe825595f0f34ad6"},"breadcrumb":{"@id":"https:\/\/dhr.se\/orebro\/sorgebesked\/#breadcrumb"},"inLanguage":"sv-SE","potentialAction":[{"@type":"ReadAction","target":["https:\/\/dhr.se\/orebro\/sorgebesked\/"]}]},{"@type":"ImageObject","inLanguage":"sv-SE","@id":"https:\/\/dhr.se\/orebro\/sorgebesked\/#primaryimage","url":"https:\/\/dhr.se\/orebro\/wp-content\/uploads\/sites\/23\/2023\/01\/candle-g1030e9f30_1920_pexels_Andreas-Lischka-1-1.jpg","contentUrl":"https:\/\/dhr.se\/orebro\/wp-content\/uploads\/sites\/23\/2023\/01\/candle-g1030e9f30_1920_pexels_Andreas-Lischka-1-1.jpg","width":1920,"height":1280,"caption":"Foto: Pexels \/ Andreas Lischka"},{"@type":"BreadcrumbList","@id":"https:\/\/dhr.se\/orebro\/sorgebesked\/#breadcrumb","itemListElement":[{"@type":"ListItem","position":1,"name":"Hem","item":"https:\/\/dhr.se\/orebro\/"},{"@type":"ListItem","position":2,"name":"Sorgebesked"}]},{"@type":"WebSite","@id":"https:\/\/dhr.se\/orebro\/#website","url":"https:\/\/dhr.se\/orebro\/","name":"DHR - \u00d6rebro","description":"Delaktighet, r\u00f6relsefrihet och handlingskraft","potentialAction":[{"@type":"SearchAction","target":{"@type":"EntryPoint","urlTemplate":"https:\/\/dhr.se\/orebro\/?s={search_term_string}"},"query-input":{"@type":"PropertyValueSpecification","valueRequired":true,"valueName":"search_term_string"}}],"inLanguage":"sv-SE"},{"@type":"Person","@id":"https:\/\/dhr.se\/orebro\/#\/schema\/person\/50a8e69e1d07adc2fe825595f0f34ad6","name":"umea","image":{"@type":"ImageObject","inLanguage":"sv-SE","@id":"https:\/\/secure.gravatar.com\/avatar\/8275a5483835fcee8513df21a366166ec536087051131946fee4882661b78845?s=96&d=mm&r=g","url":"https:\/\/secure.gravatar.com\/avatar\/8275a5483835fcee8513df21a366166ec536087051131946fee4882661b78845?s=96&d=mm&r=g","contentUrl":"https:\/\/secure.gravatar.com\/avatar\/8275a5483835fcee8513df21a366166ec536087051131946fee4882661b78845?s=96&d=mm&r=g","caption":"umea"},"url":"https:\/\/dhr.se\/orebro\/author\/umea\/"}]}},"publishpress_future_action":{"enabled":false,"date":"2026-05-04 19:23:21","action":"change-status","newStatus":"draft","terms":[],"taxonomy":"category","extraData":[]},"publishpress_future_workflow_manual_trigger":{"enabledWorkflows":[]},"_links":{"self":[{"href":"https:\/\/dhr.se\/orebro\/wp-json\/wp\/v2\/posts\/3147","targetHints":{"allow":["GET"]}}],"collection":[{"href":"https:\/\/dhr.se\/orebro\/wp-json\/wp\/v2\/posts"}],"about":[{"href":"https:\/\/dhr.se\/orebro\/wp-json\/wp\/v2\/types\/post"}],"author":[{"embeddable":true,"href":"https:\/\/dhr.se\/orebro\/wp-json\/wp\/v2\/users\/8"}],"replies":[{"embeddable":true,"href":"https:\/\/dhr.se\/orebro\/wp-json\/wp\/v2\/comments?post=3147"}],"version-history":[{"count":0,"href":"https:\/\/dhr.se\/orebro\/wp-json\/wp\/v2\/posts\/3147\/revisions"}],"wp:attachment":[{"href":"https:\/\/dhr.se\/orebro\/wp-json\/wp\/v2\/media?parent=3147"}],"wp:term":[{"taxonomy":"category","embeddable":true,"href":"https:\/\/dhr.se\/orebro\/wp-json\/wp\/v2\/categories?post=3147"},{"taxonomy":"post_tag","embeddable":true,"href":"https:\/\/dhr.se\/orebro\/wp-json\/wp\/v2\/tags?post=3147"}],"curies":[{"name":"wp","href":"https:\/\/api.w.org\/{rel}","templated":true}]}}