{"id":3155,"date":"2023-01-23T14:49:46","date_gmt":"2023-01-23T13:49:46","guid":{"rendered":"https:\/\/dhr.se\/orebro\/?p=3155"},"modified":"2023-01-24T12:26:09","modified_gmt":"2023-01-24T11:26:09","slug":"do-kritiserar-svealandstrafiken-for-bristande-tillganglighet","status":"publish","type":"post","link":"https:\/\/dhr.se\/orebro\/do-kritiserar-svealandstrafiken-for-bristande-tillganglighet\/","title":{"rendered":"DO kritiserar Svealandstrafiken f\u00f6r bristande tillg\u00e4nglighet"},"content":{"rendered":"\n<p>En man som anv\u00e4nder elrullstol och nekades p\u00e5 grund av det att \u00e5ka med bussen. Han anm\u00e4lde h\u00e4ndelsen till DO som nu kritiserar Svealandstrafiken f\u00f6r bristande tillg\u00e4nglighet.<\/p>\n\n\n\n<p><a href=\"https:\/\/www.svt.se\/nyheter\/lokalt\/orebro\/rullstolsburne-tiemon-fick-inte-aka-buss-nu-riktar-do-kritik-mot-svealandstrafiken\">H\u00e4r kan du se SVT:s inslag om DO:s kritik<\/a><\/p>\n\n\n\n<p>I samband med h\u00e4ndelsen inledde DHR \u00d6rebroavdelning ett projekt f\u00f6r att f\u00f6rb\u00e4ttra tillg\u00e4ngligheten i lokaltrafiken. Kontakta Sven-Peter S\u00f6rensson i v\u00e5r avdelningsstyrelse om du vill veta mer om projektet.<\/p>\n\n\n\n<p><\/p>\n","protected":false},"excerpt":{"rendered":"<p>En man som anv\u00e4nder elrullstol och nekades p\u00e5 grund av det att \u00e5ka med bussen. Han anm\u00e4lde h\u00e4ndelsen till DO som nu kritiserar Svealandstrafiken f\u00f6r bristande tillg\u00e4nglighet. H\u00e4r kan du se SVT:s inslag om DO:s kritik I samband med h\u00e4ndelsen[&hellip;]<\/p>\n","protected":false},"author":8,"featured_media":0,"comment_status":"closed","ping_status":"open","sticky":false,"template":"","format":"standard","meta":{"_acf_changed":false,"_monsterinsights_skip_tracking":false,"_monsterinsights_sitenote_active":false,"_monsterinsights_sitenote_note":"","_monsterinsights_sitenote_category":0,"footnotes":""},"categories":[1],"tags":[],"class_list":["post-3155","post","type-post","status-publish","format-standard","hentry","category-okategoriserad"],"acf":[],"yoast_head":"<!-- This site is optimized with the Yoast SEO plugin v27.2 - https:\/\/yoast.com\/product\/yoast-seo-wordpress\/ -->\n<title>DO kritiserar Svealandstrafiken f\u00f6r bristande tillg\u00e4nglighet - DHR - \u00d6rebro<\/title>\n<meta name=\"robots\" content=\"index, follow, max-snippet:-1, max-image-preview:large, max-video-preview:-1\" \/>\n<link rel=\"canonical\" href=\"https:\/\/dhr.se\/orebro\/do-kritiserar-svealandstrafiken-for-bristande-tillganglighet\/\" \/>\n<meta property=\"og:locale\" content=\"sv_SE\" \/>\n<meta property=\"og:type\" content=\"article\" \/>\n<meta property=\"og:title\" content=\"DO kritiserar Svealandstrafiken f\u00f6r bristande tillg\u00e4nglighet - DHR - \u00d6rebro\" \/>\n<meta property=\"og:description\" content=\"En man som anv\u00e4nder elrullstol och nekades p\u00e5 grund av det att \u00e5ka med bussen. Han anm\u00e4lde h\u00e4ndelsen till DO som nu kritiserar Svealandstrafiken f\u00f6r bristande tillg\u00e4nglighet. H\u00e4r kan du se SVT:s inslag om DO:s kritik I samband med h\u00e4ndelsen[&hellip;]\" \/>\n<meta property=\"og:url\" content=\"https:\/\/dhr.se\/orebro\/do-kritiserar-svealandstrafiken-for-bristande-tillganglighet\/\" \/>\n<meta property=\"og:site_name\" content=\"DHR - \u00d6rebro\" \/>\n<meta property=\"article:published_time\" content=\"2023-01-23T13:49:46+00:00\" \/>\n<meta property=\"article:modified_time\" content=\"2023-01-24T11:26:09+00:00\" \/>\n<meta name=\"author\" content=\"umea\" \/>\n<meta name=\"twitter:card\" content=\"summary_large_image\" \/>\n<meta name=\"twitter:label1\" content=\"Skriven av\" \/>\n\t<meta name=\"twitter:data1\" content=\"umea\" \/>\n\t<meta name=\"twitter:label2\" content=\"Ber\u00e4knad l\u00e4stid\" \/>\n\t<meta name=\"twitter:data2\" content=\"1 minut\" \/>\n<script type=\"application\/ld+json\" class=\"yoast-schema-graph\">{\"@context\":\"https:\/\/schema.org\",\"@graph\":[{\"@type\":\"Article\",\"@id\":\"https:\/\/dhr.se\/orebro\/do-kritiserar-svealandstrafiken-for-bristande-tillganglighet\/#article\",\"isPartOf\":{\"@id\":\"https:\/\/dhr.se\/orebro\/do-kritiserar-svealandstrafiken-for-bristande-tillganglighet\/\"},\"author\":{\"name\":\"umea\",\"@id\":\"https:\/\/dhr.se\/orebro\/#\/schema\/person\/50a8e69e1d07adc2fe825595f0f34ad6\"},\"headline\":\"DO kritiserar Svealandstrafiken f\u00f6r bristande tillg\u00e4nglighet\",\"datePublished\":\"2023-01-23T13:49:46+00:00\",\"dateModified\":\"2023-01-24T11:26:09+00:00\",\"mainEntityOfPage\":{\"@id\":\"https:\/\/dhr.se\/orebro\/do-kritiserar-svealandstrafiken-for-bristande-tillganglighet\/\"},\"wordCount\":87,\"articleSection\":[\"Okategoriserad\"],\"inLanguage\":\"sv-SE\"},{\"@type\":\"WebPage\",\"@id\":\"https:\/\/dhr.se\/orebro\/do-kritiserar-svealandstrafiken-for-bristande-tillganglighet\/\",\"url\":\"https:\/\/dhr.se\/orebro\/do-kritiserar-svealandstrafiken-for-bristande-tillganglighet\/\",\"name\":\"DO kritiserar Svealandstrafiken f\u00f6r bristande tillg\u00e4nglighet - DHR - \u00d6rebro\",\"isPartOf\":{\"@id\":\"https:\/\/dhr.se\/orebro\/#website\"},\"datePublished\":\"2023-01-23T13:49:46+00:00\",\"dateModified\":\"2023-01-24T11:26:09+00:00\",\"author\":{\"@id\":\"https:\/\/dhr.se\/orebro\/#\/schema\/person\/50a8e69e1d07adc2fe825595f0f34ad6\"},\"breadcrumb\":{\"@id\":\"https:\/\/dhr.se\/orebro\/do-kritiserar-svealandstrafiken-for-bristande-tillganglighet\/#breadcrumb\"},\"inLanguage\":\"sv-SE\",\"potentialAction\":[{\"@type\":\"ReadAction\",\"target\":[\"https:\/\/dhr.se\/orebro\/do-kritiserar-svealandstrafiken-for-bristande-tillganglighet\/\"]}]},{\"@type\":\"BreadcrumbList\",\"@id\":\"https:\/\/dhr.se\/orebro\/do-kritiserar-svealandstrafiken-for-bristande-tillganglighet\/#breadcrumb\",\"itemListElement\":[{\"@type\":\"ListItem\",\"position\":1,\"name\":\"Hem\",\"item\":\"https:\/\/dhr.se\/orebro\/\"},{\"@type\":\"ListItem\",\"position\":2,\"name\":\"DO kritiserar Svealandstrafiken f\u00f6r bristande tillg\u00e4nglighet\"}]},{\"@type\":\"WebSite\",\"@id\":\"https:\/\/dhr.se\/orebro\/#website\",\"url\":\"https:\/\/dhr.se\/orebro\/\",\"name\":\"DHR - \u00d6rebro\",\"description\":\"Delaktighet, r\u00f6relsefrihet och handlingskraft\",\"potentialAction\":[{\"@type\":\"SearchAction\",\"target\":{\"@type\":\"EntryPoint\",\"urlTemplate\":\"https:\/\/dhr.se\/orebro\/?s={search_term_string}\"},\"query-input\":{\"@type\":\"PropertyValueSpecification\",\"valueRequired\":true,\"valueName\":\"search_term_string\"}}],\"inLanguage\":\"sv-SE\"},{\"@type\":\"Person\",\"@id\":\"https:\/\/dhr.se\/orebro\/#\/schema\/person\/50a8e69e1d07adc2fe825595f0f34ad6\",\"name\":\"umea\",\"image\":{\"@type\":\"ImageObject\",\"inLanguage\":\"sv-SE\",\"@id\":\"https:\/\/secure.gravatar.com\/avatar\/8275a5483835fcee8513df21a366166ec536087051131946fee4882661b78845?s=96&d=mm&r=g\",\"url\":\"https:\/\/secure.gravatar.com\/avatar\/8275a5483835fcee8513df21a366166ec536087051131946fee4882661b78845?s=96&d=mm&r=g\",\"contentUrl\":\"https:\/\/secure.gravatar.com\/avatar\/8275a5483835fcee8513df21a366166ec536087051131946fee4882661b78845?s=96&d=mm&r=g\",\"caption\":\"umea\"},\"url\":\"https:\/\/dhr.se\/orebro\/author\/umea\/\"}]}<\/script>\n<!-- \/ Yoast SEO plugin. -->","yoast_head_json":{"title":"DO kritiserar Svealandstrafiken f\u00f6r bristande tillg\u00e4nglighet - DHR - \u00d6rebro","robots":{"index":"index","follow":"follow","max-snippet":"max-snippet:-1","max-image-preview":"max-image-preview:large","max-video-preview":"max-video-preview:-1"},"canonical":"https:\/\/dhr.se\/orebro\/do-kritiserar-svealandstrafiken-for-bristande-tillganglighet\/","og_locale":"sv_SE","og_type":"article","og_title":"DO kritiserar Svealandstrafiken f\u00f6r bristande tillg\u00e4nglighet - DHR - \u00d6rebro","og_description":"En man som anv\u00e4nder elrullstol och nekades p\u00e5 grund av det att \u00e5ka med bussen. Han anm\u00e4lde h\u00e4ndelsen till DO som nu kritiserar Svealandstrafiken f\u00f6r bristande tillg\u00e4nglighet. H\u00e4r kan du se SVT:s inslag om DO:s kritik I samband med h\u00e4ndelsen[&hellip;]","og_url":"https:\/\/dhr.se\/orebro\/do-kritiserar-svealandstrafiken-for-bristande-tillganglighet\/","og_site_name":"DHR - \u00d6rebro","article_published_time":"2023-01-23T13:49:46+00:00","article_modified_time":"2023-01-24T11:26:09+00:00","author":"umea","twitter_card":"summary_large_image","twitter_misc":{"Skriven av":"umea","Ber\u00e4knad l\u00e4stid":"1 minut"},"schema":{"@context":"https:\/\/schema.org","@graph":[{"@type":"Article","@id":"https:\/\/dhr.se\/orebro\/do-kritiserar-svealandstrafiken-for-bristande-tillganglighet\/#article","isPartOf":{"@id":"https:\/\/dhr.se\/orebro\/do-kritiserar-svealandstrafiken-for-bristande-tillganglighet\/"},"author":{"name":"umea","@id":"https:\/\/dhr.se\/orebro\/#\/schema\/person\/50a8e69e1d07adc2fe825595f0f34ad6"},"headline":"DO kritiserar Svealandstrafiken f\u00f6r bristande tillg\u00e4nglighet","datePublished":"2023-01-23T13:49:46+00:00","dateModified":"2023-01-24T11:26:09+00:00","mainEntityOfPage":{"@id":"https:\/\/dhr.se\/orebro\/do-kritiserar-svealandstrafiken-for-bristande-tillganglighet\/"},"wordCount":87,"articleSection":["Okategoriserad"],"inLanguage":"sv-SE"},{"@type":"WebPage","@id":"https:\/\/dhr.se\/orebro\/do-kritiserar-svealandstrafiken-for-bristande-tillganglighet\/","url":"https:\/\/dhr.se\/orebro\/do-kritiserar-svealandstrafiken-for-bristande-tillganglighet\/","name":"DO kritiserar Svealandstrafiken f\u00f6r bristande tillg\u00e4nglighet - DHR - \u00d6rebro","isPartOf":{"@id":"https:\/\/dhr.se\/orebro\/#website"},"datePublished":"2023-01-23T13:49:46+00:00","dateModified":"2023-01-24T11:26:09+00:00","author":{"@id":"https:\/\/dhr.se\/orebro\/#\/schema\/person\/50a8e69e1d07adc2fe825595f0f34ad6"},"breadcrumb":{"@id":"https:\/\/dhr.se\/orebro\/do-kritiserar-svealandstrafiken-for-bristande-tillganglighet\/#breadcrumb"},"inLanguage":"sv-SE","potentialAction":[{"@type":"ReadAction","target":["https:\/\/dhr.se\/orebro\/do-kritiserar-svealandstrafiken-for-bristande-tillganglighet\/"]}]},{"@type":"BreadcrumbList","@id":"https:\/\/dhr.se\/orebro\/do-kritiserar-svealandstrafiken-for-bristande-tillganglighet\/#breadcrumb","itemListElement":[{"@type":"ListItem","position":1,"name":"Hem","item":"https:\/\/dhr.se\/orebro\/"},{"@type":"ListItem","position":2,"name":"DO kritiserar Svealandstrafiken f\u00f6r bristande tillg\u00e4nglighet"}]},{"@type":"WebSite","@id":"https:\/\/dhr.se\/orebro\/#website","url":"https:\/\/dhr.se\/orebro\/","name":"DHR - \u00d6rebro","description":"Delaktighet, r\u00f6relsefrihet och handlingskraft","potentialAction":[{"@type":"SearchAction","target":{"@type":"EntryPoint","urlTemplate":"https:\/\/dhr.se\/orebro\/?s={search_term_string}"},"query-input":{"@type":"PropertyValueSpecification","valueRequired":true,"valueName":"search_term_string"}}],"inLanguage":"sv-SE"},{"@type":"Person","@id":"https:\/\/dhr.se\/orebro\/#\/schema\/person\/50a8e69e1d07adc2fe825595f0f34ad6","name":"umea","image":{"@type":"ImageObject","inLanguage":"sv-SE","@id":"https:\/\/secure.gravatar.com\/avatar\/8275a5483835fcee8513df21a366166ec536087051131946fee4882661b78845?s=96&d=mm&r=g","url":"https:\/\/secure.gravatar.com\/avatar\/8275a5483835fcee8513df21a366166ec536087051131946fee4882661b78845?s=96&d=mm&r=g","contentUrl":"https:\/\/secure.gravatar.com\/avatar\/8275a5483835fcee8513df21a366166ec536087051131946fee4882661b78845?s=96&d=mm&r=g","caption":"umea"},"url":"https:\/\/dhr.se\/orebro\/author\/umea\/"}]}},"publishpress_future_action":{"enabled":false,"date":"2026-05-04 19:23:16","action":"change-status","newStatus":"draft","terms":[],"taxonomy":"category","extraData":[]},"publishpress_future_workflow_manual_trigger":{"enabledWorkflows":[]},"_links":{"self":[{"href":"https:\/\/dhr.se\/orebro\/wp-json\/wp\/v2\/posts\/3155","targetHints":{"allow":["GET"]}}],"collection":[{"href":"https:\/\/dhr.se\/orebro\/wp-json\/wp\/v2\/posts"}],"about":[{"href":"https:\/\/dhr.se\/orebro\/wp-json\/wp\/v2\/types\/post"}],"author":[{"embeddable":true,"href":"https:\/\/dhr.se\/orebro\/wp-json\/wp\/v2\/users\/8"}],"replies":[{"embeddable":true,"href":"https:\/\/dhr.se\/orebro\/wp-json\/wp\/v2\/comments?post=3155"}],"version-history":[{"count":0,"href":"https:\/\/dhr.se\/orebro\/wp-json\/wp\/v2\/posts\/3155\/revisions"}],"wp:attachment":[{"href":"https:\/\/dhr.se\/orebro\/wp-json\/wp\/v2\/media?parent=3155"}],"wp:term":[{"taxonomy":"category","embeddable":true,"href":"https:\/\/dhr.se\/orebro\/wp-json\/wp\/v2\/categories?post=3155"},{"taxonomy":"post_tag","embeddable":true,"href":"https:\/\/dhr.se\/orebro\/wp-json\/wp\/v2\/tags?post=3155"}],"curies":[{"name":"wp","href":"https:\/\/api.w.org\/{rel}","templated":true}]}}