{"id":7290,"date":"2026-04-08T13:28:55","date_gmt":"2026-04-08T11:28:55","guid":{"rendered":"https:\/\/dhr.se\/stockholmslan\/?p=7290"},"modified":"2026-04-09T15:15:05","modified_gmt":"2026-04-09T13:15:05","slug":"arsmote-for-dhr-stockholmsavdelningen","status":"publish","type":"post","link":"https:\/\/dhr.se\/stockholmslan\/blog\/2026\/04\/08\/arsmote-for-dhr-stockholmsavdelningen\/","title":{"rendered":"\u00c5rsm\u00f6te f\u00f6r DHR Stockholmsavdelningen"},"content":{"rendered":"\n<figure class=\"wp-block-image size-large\"><img loading=\"lazy\" decoding=\"async\" width=\"1024\" height=\"683\" src=\"https:\/\/dhr.se\/stockholmslan\/wp-content\/uploads\/sites\/5\/2026\/04\/IMG_3961-1024x683.jpg\" alt=\"Alt=&quot;&quot;\" class=\"wp-image-7291\" srcset=\"https:\/\/dhr.se\/stockholmslan\/wp-content\/uploads\/sites\/5\/2026\/04\/IMG_3961-1024x683.jpg 1024w, https:\/\/dhr.se\/stockholmslan\/wp-content\/uploads\/sites\/5\/2026\/04\/IMG_3961-300x200.jpg 300w, https:\/\/dhr.se\/stockholmslan\/wp-content\/uploads\/sites\/5\/2026\/04\/IMG_3961-768x512.jpg 768w, https:\/\/dhr.se\/stockholmslan\/wp-content\/uploads\/sites\/5\/2026\/04\/IMG_3961-50x33.jpg 50w, https:\/\/dhr.se\/stockholmslan\/wp-content\/uploads\/sites\/5\/2026\/04\/IMG_3961.jpg 1366w\" sizes=\"auto, (max-width: 1024px) 100vw, 1024px\" \/><figcaption class=\"wp-element-caption\"><br>Alexander Ojanne och DHR Stockholmavdelningens ordf\u00f6rande Per Frykman.<\/figcaption><\/figure>\n\n\n\n<p>L\u00f6rdagen den 28:e maj var det dags f\u00f6r stockholmsavdelningens \u00e5rsm\u00f6te. 35 r\u00f6stber\u00e4ttigade och ett antal ledsagare, assistenter och medf\u00f6ljare samlades i Bagarmossens folketshus d\u00e5 f\u00f6reningens angel\u00e4genheter skulle redovisas och diskuteras. M\u00f6tet valde Alexander Ojanne, socialborgarr\u00e5d i Stockholm, till m\u00f6tets ordf\u00f6rande och n\u00e4r m\u00f6tesformalian klarats av kom fr\u00e5gorna snabbt in p\u00e5 ekonomi. N\u00e4r f\u00f6reningens verksamhetsber\u00e4ttelse gicks igenom diskuterades bland annat det sv\u00e5ra ekonomiska l\u00e4get, styrelsens arvoden och utgifterna under 2025. M\u00f6tet beslutade att bordl\u00e4gga fr\u00e5gan om budget f\u00f6r 2026 och ge styrelsen m\u00f6jlighet att ta fram en ny budget d\u00e4r f\u00f6reningens ekonomiska situation tas i beaktande. Medlemmarna i f\u00f6reningen kommer d\u00e4rf\u00f6r att kallas till ett extrainsatt \u00e5rsm\u00f6te d\u00e4r en reviderad budget f\u00f6r 2026 presenteras. Som ett led i arbetet med att f\u00e5 f\u00f6reningens ekonomi i balans beslutade m\u00f6tet att kraftigt reducera styrelseledam\u00f6ternas arvoden. Valberedningen, best\u00e5ende av Sari Nykvist och Lena Hagl\u00f6f, presenterade ett f\u00f6rslag till styrelse best\u00e5ende av s\u00e5v\u00e4l nya namn som ledam\u00f6ter f\u00f6r omval.<br>\u00c5rsm\u00f6tet beslutade att v\u00e4lja Per Frykman som ny ordf\u00f6rande. Resterande platser i styrelsen upptas av Mika Ihanus, Peter Ojalam, Ewa Wodzynska, Daniel Pollak, Magnus Lindmark och Ulla Kjellvinger.<\/p>\n","protected":false},"excerpt":{"rendered":"<p>L\u00f6rdagen den 28:e maj var det dags f\u00f6r stockholmsavdelningens \u00e5rsm\u00f6te. 35 r\u00f6stber\u00e4ttigade och ett antal ledsagare, assistenter och medf\u00f6ljare samlades i Bagarmossens folketshus d\u00e5 f\u00f6reningens angel\u00e4genheter skulle redovisas och diskuteras. M\u00f6tet valde Alexander Ojanne, socialborgarr\u00e5d i Stockholm, till m\u00f6tets ordf\u00f6rande[&hellip;]<\/p>\n","protected":false},"author":9,"featured_media":0,"comment_status":"closed","ping_status":"open","sticky":false,"template":"","format":"standard","meta":{"_acf_changed":false,"_monsterinsights_skip_tracking":false,"_monsterinsights_sitenote_active":false,"_monsterinsights_sitenote_note":"","_monsterinsights_sitenote_category":0,"footnotes":""},"categories":[1],"tags":[],"class_list":["post-7290","post","type-post","status-publish","format-standard","hentry","category-okategoriserad"],"acf":[],"yoast_head":"<!-- This site is optimized with the Yoast SEO plugin v27.2 - https:\/\/yoast.com\/product\/yoast-seo-wordpress\/ -->\n<title>\u00c5rsm\u00f6te f\u00f6r DHR Stockholmsavdelningen - DHR - Region Stockholm<\/title>\n<meta name=\"robots\" content=\"index, follow, max-snippet:-1, max-image-preview:large, max-video-preview:-1\" \/>\n<link rel=\"canonical\" href=\"https:\/\/dhr.se\/stockholmslan\/blog\/2026\/04\/08\/arsmote-for-dhr-stockholmsavdelningen\/\" \/>\n<meta property=\"og:locale\" content=\"sv_SE\" \/>\n<meta property=\"og:type\" content=\"article\" \/>\n<meta property=\"og:title\" content=\"\u00c5rsm\u00f6te f\u00f6r DHR Stockholmsavdelningen - DHR - Region Stockholm\" \/>\n<meta property=\"og:description\" content=\"L\u00f6rdagen den 28:e maj var det dags f\u00f6r stockholmsavdelningens \u00e5rsm\u00f6te. 35 r\u00f6stber\u00e4ttigade och ett antal ledsagare, assistenter och medf\u00f6ljare samlades i Bagarmossens folketshus d\u00e5 f\u00f6reningens angel\u00e4genheter skulle redovisas och diskuteras. M\u00f6tet valde Alexander Ojanne, socialborgarr\u00e5d i Stockholm, till m\u00f6tets ordf\u00f6rande[&hellip;]\" \/>\n<meta property=\"og:url\" content=\"https:\/\/dhr.se\/stockholmslan\/blog\/2026\/04\/08\/arsmote-for-dhr-stockholmsavdelningen\/\" \/>\n<meta property=\"og:site_name\" content=\"DHR - Region Stockholm\" \/>\n<meta property=\"article:publisher\" content=\"https:\/\/www.facebook.com\/DHRStockholmsLan\" \/>\n<meta property=\"article:published_time\" content=\"2026-04-08T11:28:55+00:00\" \/>\n<meta property=\"article:modified_time\" content=\"2026-04-09T13:15:05+00:00\" \/>\n<meta property=\"og:image\" content=\"https:\/\/dhr.se\/stockholmslan\/wp-content\/uploads\/sites\/5\/2026\/04\/IMG_3961.jpg\" \/>\n\t<meta property=\"og:image:width\" content=\"1366\" \/>\n\t<meta property=\"og:image:height\" content=\"911\" \/>\n\t<meta property=\"og:image:type\" content=\"image\/jpeg\" \/>\n<meta name=\"author\" content=\"stockholmslan\" \/>\n<meta name=\"twitter:card\" content=\"summary_large_image\" \/>\n<meta name=\"twitter:label1\" content=\"Skriven av\" \/>\n\t<meta name=\"twitter:data1\" content=\"stockholmslan\" \/>\n\t<meta name=\"twitter:label2\" content=\"Ber\u00e4knad l\u00e4stid\" \/>\n\t<meta name=\"twitter:data2\" content=\"2 minuter\" \/>\n<script type=\"application\/ld+json\" class=\"yoast-schema-graph\">{\"@context\":\"https:\/\/schema.org\",\"@graph\":[{\"@type\":\"Article\",\"@id\":\"https:\/\/dhr.se\/stockholmslan\/blog\/2026\/04\/08\/arsmote-for-dhr-stockholmsavdelningen\/#article\",\"isPartOf\":{\"@id\":\"https:\/\/dhr.se\/stockholmslan\/blog\/2026\/04\/08\/arsmote-for-dhr-stockholmsavdelningen\/\"},\"author\":{\"name\":\"stockholmslan\",\"@id\":\"https:\/\/dhr.se\/stockholmslan\/#\/schema\/person\/34739cdd5290f11cb48a3cdccc005f55\"},\"headline\":\"\u00c5rsm\u00f6te f\u00f6r DHR Stockholmsavdelningen\",\"datePublished\":\"2026-04-08T11:28:55+00:00\",\"dateModified\":\"2026-04-09T13:15:05+00:00\",\"mainEntityOfPage\":{\"@id\":\"https:\/\/dhr.se\/stockholmslan\/blog\/2026\/04\/08\/arsmote-for-dhr-stockholmsavdelningen\/\"},\"wordCount\":240,\"publisher\":{\"@id\":\"https:\/\/dhr.se\/stockholmslan\/#organization\"},\"image\":{\"@id\":\"https:\/\/dhr.se\/stockholmslan\/blog\/2026\/04\/08\/arsmote-for-dhr-stockholmsavdelningen\/#primaryimage\"},\"thumbnailUrl\":\"https:\/\/dhr.se\/stockholmslan\/wp-content\/uploads\/sites\/5\/2026\/04\/IMG_3961-1024x683.jpg\",\"articleSection\":[\"Okategoriserad\"],\"inLanguage\":\"sv-SE\"},{\"@type\":\"WebPage\",\"@id\":\"https:\/\/dhr.se\/stockholmslan\/blog\/2026\/04\/08\/arsmote-for-dhr-stockholmsavdelningen\/\",\"url\":\"https:\/\/dhr.se\/stockholmslan\/blog\/2026\/04\/08\/arsmote-for-dhr-stockholmsavdelningen\/\",\"name\":\"\u00c5rsm\u00f6te f\u00f6r DHR Stockholmsavdelningen - DHR - Region Stockholm\",\"isPartOf\":{\"@id\":\"https:\/\/dhr.se\/stockholmslan\/#website\"},\"primaryImageOfPage\":{\"@id\":\"https:\/\/dhr.se\/stockholmslan\/blog\/2026\/04\/08\/arsmote-for-dhr-stockholmsavdelningen\/#primaryimage\"},\"image\":{\"@id\":\"https:\/\/dhr.se\/stockholmslan\/blog\/2026\/04\/08\/arsmote-for-dhr-stockholmsavdelningen\/#primaryimage\"},\"thumbnailUrl\":\"https:\/\/dhr.se\/stockholmslan\/wp-content\/uploads\/sites\/5\/2026\/04\/IMG_3961-1024x683.jpg\",\"datePublished\":\"2026-04-08T11:28:55+00:00\",\"dateModified\":\"2026-04-09T13:15:05+00:00\",\"breadcrumb\":{\"@id\":\"https:\/\/dhr.se\/stockholmslan\/blog\/2026\/04\/08\/arsmote-for-dhr-stockholmsavdelningen\/#breadcrumb\"},\"inLanguage\":\"sv-SE\",\"potentialAction\":[{\"@type\":\"ReadAction\",\"target\":[\"https:\/\/dhr.se\/stockholmslan\/blog\/2026\/04\/08\/arsmote-for-dhr-stockholmsavdelningen\/\"]}]},{\"@type\":\"ImageObject\",\"inLanguage\":\"sv-SE\",\"@id\":\"https:\/\/dhr.se\/stockholmslan\/blog\/2026\/04\/08\/arsmote-for-dhr-stockholmsavdelningen\/#primaryimage\",\"url\":\"https:\/\/dhr.se\/stockholmslan\/wp-content\/uploads\/sites\/5\/2026\/04\/IMG_3961.jpg\",\"contentUrl\":\"https:\/\/dhr.se\/stockholmslan\/wp-content\/uploads\/sites\/5\/2026\/04\/IMG_3961.jpg\",\"width\":1366,\"height\":911,\"caption\":\"Alexander Ojanne och DHR Stockholmavdelningens ordf\u00f6rande Per Frykman.\"},{\"@type\":\"BreadcrumbList\",\"@id\":\"https:\/\/dhr.se\/stockholmslan\/blog\/2026\/04\/08\/arsmote-for-dhr-stockholmsavdelningen\/#breadcrumb\",\"itemListElement\":[{\"@type\":\"ListItem\",\"position\":1,\"name\":\"Hem\",\"item\":\"https:\/\/dhr.se\/stockholmslan\/\"},{\"@type\":\"ListItem\",\"position\":2,\"name\":\"\u00c5rsm\u00f6te f\u00f6r DHR Stockholmsavdelningen\"}]},{\"@type\":\"WebSite\",\"@id\":\"https:\/\/dhr.se\/stockholmslan\/#website\",\"url\":\"https:\/\/dhr.se\/stockholmslan\/\",\"name\":\"DHR - Region Stockholm\",\"description\":\"Delaktighet - Handlingskraft - R\u00f6relsefrihet\",\"publisher\":{\"@id\":\"https:\/\/dhr.se\/stockholmslan\/#organization\"},\"potentialAction\":[{\"@type\":\"SearchAction\",\"target\":{\"@type\":\"EntryPoint\",\"urlTemplate\":\"https:\/\/dhr.se\/stockholmslan\/?s={search_term_string}\"},\"query-input\":{\"@type\":\"PropertyValueSpecification\",\"valueRequired\":true,\"valueName\":\"search_term_string\"}}],\"inLanguage\":\"sv-SE\"},{\"@type\":\"Organization\",\"@id\":\"https:\/\/dhr.se\/stockholmslan\/#organization\",\"name\":\"DHR Region Stockholm\",\"url\":\"https:\/\/dhr.se\/stockholmslan\/\",\"logo\":{\"@type\":\"ImageObject\",\"inLanguage\":\"sv-SE\",\"@id\":\"https:\/\/dhr.se\/stockholmslan\/#\/schema\/logo\/image\/\",\"url\":\"https:\/\/dhr.se\/stockholmslan\/wp-content\/uploads\/sites\/5\/2021\/12\/REGION-STOCKHOLM-orange-48-p.jpg\",\"contentUrl\":\"https:\/\/dhr.se\/stockholmslan\/wp-content\/uploads\/sites\/5\/2021\/12\/REGION-STOCKHOLM-orange-48-p.jpg\",\"width\":891,\"height\":694,\"caption\":\"DHR Region Stockholm\"},\"image\":{\"@id\":\"https:\/\/dhr.se\/stockholmslan\/#\/schema\/logo\/image\/\"},\"sameAs\":[\"https:\/\/www.facebook.com\/DHRStockholmsLan\",\"https:\/\/www.instagram.com\/dhr_sld\/\"]},{\"@type\":\"Person\",\"@id\":\"https:\/\/dhr.se\/stockholmslan\/#\/schema\/person\/34739cdd5290f11cb48a3cdccc005f55\",\"name\":\"stockholmslan\",\"image\":{\"@type\":\"ImageObject\",\"inLanguage\":\"sv-SE\",\"@id\":\"https:\/\/secure.gravatar.com\/avatar\/f2accb85fc6c26f73a4565dd0b367f6574ce48d0db80b51f217432abf84d7697?s=96&d=mm&r=g\",\"url\":\"https:\/\/secure.gravatar.com\/avatar\/f2accb85fc6c26f73a4565dd0b367f6574ce48d0db80b51f217432abf84d7697?s=96&d=mm&r=g\",\"contentUrl\":\"https:\/\/secure.gravatar.com\/avatar\/f2accb85fc6c26f73a4565dd0b367f6574ce48d0db80b51f217432abf84d7697?s=96&d=mm&r=g\",\"caption\":\"stockholmslan\"},\"sameAs\":[\"http:\/\/www.dhr.se\/stockholmslan\"],\"url\":\"https:\/\/dhr.se\/stockholmslan\/blog\/author\/stockholmslan\/\"}]}<\/script>\n<!-- \/ Yoast SEO plugin. -->","yoast_head_json":{"title":"\u00c5rsm\u00f6te f\u00f6r DHR Stockholmsavdelningen - DHR - Region Stockholm","robots":{"index":"index","follow":"follow","max-snippet":"max-snippet:-1","max-image-preview":"max-image-preview:large","max-video-preview":"max-video-preview:-1"},"canonical":"https:\/\/dhr.se\/stockholmslan\/blog\/2026\/04\/08\/arsmote-for-dhr-stockholmsavdelningen\/","og_locale":"sv_SE","og_type":"article","og_title":"\u00c5rsm\u00f6te f\u00f6r DHR Stockholmsavdelningen - DHR - Region Stockholm","og_description":"L\u00f6rdagen den 28:e maj var det dags f\u00f6r stockholmsavdelningens \u00e5rsm\u00f6te. 35 r\u00f6stber\u00e4ttigade och ett antal ledsagare, assistenter och medf\u00f6ljare samlades i Bagarmossens folketshus d\u00e5 f\u00f6reningens angel\u00e4genheter skulle redovisas och diskuteras. M\u00f6tet valde Alexander Ojanne, socialborgarr\u00e5d i Stockholm, till m\u00f6tets ordf\u00f6rande[&hellip;]","og_url":"https:\/\/dhr.se\/stockholmslan\/blog\/2026\/04\/08\/arsmote-for-dhr-stockholmsavdelningen\/","og_site_name":"DHR - Region Stockholm","article_publisher":"https:\/\/www.facebook.com\/DHRStockholmsLan","article_published_time":"2026-04-08T11:28:55+00:00","article_modified_time":"2026-04-09T13:15:05+00:00","og_image":[{"width":1366,"height":911,"url":"https:\/\/dhr.se\/stockholmslan\/wp-content\/uploads\/sites\/5\/2026\/04\/IMG_3961.jpg","type":"image\/jpeg"}],"author":"stockholmslan","twitter_card":"summary_large_image","twitter_misc":{"Skriven av":"stockholmslan","Ber\u00e4knad l\u00e4stid":"2 minuter"},"schema":{"@context":"https:\/\/schema.org","@graph":[{"@type":"Article","@id":"https:\/\/dhr.se\/stockholmslan\/blog\/2026\/04\/08\/arsmote-for-dhr-stockholmsavdelningen\/#article","isPartOf":{"@id":"https:\/\/dhr.se\/stockholmslan\/blog\/2026\/04\/08\/arsmote-for-dhr-stockholmsavdelningen\/"},"author":{"name":"stockholmslan","@id":"https:\/\/dhr.se\/stockholmslan\/#\/schema\/person\/34739cdd5290f11cb48a3cdccc005f55"},"headline":"\u00c5rsm\u00f6te f\u00f6r DHR Stockholmsavdelningen","datePublished":"2026-04-08T11:28:55+00:00","dateModified":"2026-04-09T13:15:05+00:00","mainEntityOfPage":{"@id":"https:\/\/dhr.se\/stockholmslan\/blog\/2026\/04\/08\/arsmote-for-dhr-stockholmsavdelningen\/"},"wordCount":240,"publisher":{"@id":"https:\/\/dhr.se\/stockholmslan\/#organization"},"image":{"@id":"https:\/\/dhr.se\/stockholmslan\/blog\/2026\/04\/08\/arsmote-for-dhr-stockholmsavdelningen\/#primaryimage"},"thumbnailUrl":"https:\/\/dhr.se\/stockholmslan\/wp-content\/uploads\/sites\/5\/2026\/04\/IMG_3961-1024x683.jpg","articleSection":["Okategoriserad"],"inLanguage":"sv-SE"},{"@type":"WebPage","@id":"https:\/\/dhr.se\/stockholmslan\/blog\/2026\/04\/08\/arsmote-for-dhr-stockholmsavdelningen\/","url":"https:\/\/dhr.se\/stockholmslan\/blog\/2026\/04\/08\/arsmote-for-dhr-stockholmsavdelningen\/","name":"\u00c5rsm\u00f6te f\u00f6r DHR Stockholmsavdelningen - DHR - Region Stockholm","isPartOf":{"@id":"https:\/\/dhr.se\/stockholmslan\/#website"},"primaryImageOfPage":{"@id":"https:\/\/dhr.se\/stockholmslan\/blog\/2026\/04\/08\/arsmote-for-dhr-stockholmsavdelningen\/#primaryimage"},"image":{"@id":"https:\/\/dhr.se\/stockholmslan\/blog\/2026\/04\/08\/arsmote-for-dhr-stockholmsavdelningen\/#primaryimage"},"thumbnailUrl":"https:\/\/dhr.se\/stockholmslan\/wp-content\/uploads\/sites\/5\/2026\/04\/IMG_3961-1024x683.jpg","datePublished":"2026-04-08T11:28:55+00:00","dateModified":"2026-04-09T13:15:05+00:00","breadcrumb":{"@id":"https:\/\/dhr.se\/stockholmslan\/blog\/2026\/04\/08\/arsmote-for-dhr-stockholmsavdelningen\/#breadcrumb"},"inLanguage":"sv-SE","potentialAction":[{"@type":"ReadAction","target":["https:\/\/dhr.se\/stockholmslan\/blog\/2026\/04\/08\/arsmote-for-dhr-stockholmsavdelningen\/"]}]},{"@type":"ImageObject","inLanguage":"sv-SE","@id":"https:\/\/dhr.se\/stockholmslan\/blog\/2026\/04\/08\/arsmote-for-dhr-stockholmsavdelningen\/#primaryimage","url":"https:\/\/dhr.se\/stockholmslan\/wp-content\/uploads\/sites\/5\/2026\/04\/IMG_3961.jpg","contentUrl":"https:\/\/dhr.se\/stockholmslan\/wp-content\/uploads\/sites\/5\/2026\/04\/IMG_3961.jpg","width":1366,"height":911,"caption":"Alexander Ojanne och DHR Stockholmavdelningens ordf\u00f6rande Per Frykman."},{"@type":"BreadcrumbList","@id":"https:\/\/dhr.se\/stockholmslan\/blog\/2026\/04\/08\/arsmote-for-dhr-stockholmsavdelningen\/#breadcrumb","itemListElement":[{"@type":"ListItem","position":1,"name":"Hem","item":"https:\/\/dhr.se\/stockholmslan\/"},{"@type":"ListItem","position":2,"name":"\u00c5rsm\u00f6te f\u00f6r DHR Stockholmsavdelningen"}]},{"@type":"WebSite","@id":"https:\/\/dhr.se\/stockholmslan\/#website","url":"https:\/\/dhr.se\/stockholmslan\/","name":"DHR - Region Stockholm","description":"Delaktighet - Handlingskraft - R\u00f6relsefrihet","publisher":{"@id":"https:\/\/dhr.se\/stockholmslan\/#organization"},"potentialAction":[{"@type":"SearchAction","target":{"@type":"EntryPoint","urlTemplate":"https:\/\/dhr.se\/stockholmslan\/?s={search_term_string}"},"query-input":{"@type":"PropertyValueSpecification","valueRequired":true,"valueName":"search_term_string"}}],"inLanguage":"sv-SE"},{"@type":"Organization","@id":"https:\/\/dhr.se\/stockholmslan\/#organization","name":"DHR Region Stockholm","url":"https:\/\/dhr.se\/stockholmslan\/","logo":{"@type":"ImageObject","inLanguage":"sv-SE","@id":"https:\/\/dhr.se\/stockholmslan\/#\/schema\/logo\/image\/","url":"https:\/\/dhr.se\/stockholmslan\/wp-content\/uploads\/sites\/5\/2021\/12\/REGION-STOCKHOLM-orange-48-p.jpg","contentUrl":"https:\/\/dhr.se\/stockholmslan\/wp-content\/uploads\/sites\/5\/2021\/12\/REGION-STOCKHOLM-orange-48-p.jpg","width":891,"height":694,"caption":"DHR Region Stockholm"},"image":{"@id":"https:\/\/dhr.se\/stockholmslan\/#\/schema\/logo\/image\/"},"sameAs":["https:\/\/www.facebook.com\/DHRStockholmsLan","https:\/\/www.instagram.com\/dhr_sld\/"]},{"@type":"Person","@id":"https:\/\/dhr.se\/stockholmslan\/#\/schema\/person\/34739cdd5290f11cb48a3cdccc005f55","name":"stockholmslan","image":{"@type":"ImageObject","inLanguage":"sv-SE","@id":"https:\/\/secure.gravatar.com\/avatar\/f2accb85fc6c26f73a4565dd0b367f6574ce48d0db80b51f217432abf84d7697?s=96&d=mm&r=g","url":"https:\/\/secure.gravatar.com\/avatar\/f2accb85fc6c26f73a4565dd0b367f6574ce48d0db80b51f217432abf84d7697?s=96&d=mm&r=g","contentUrl":"https:\/\/secure.gravatar.com\/avatar\/f2accb85fc6c26f73a4565dd0b367f6574ce48d0db80b51f217432abf84d7697?s=96&d=mm&r=g","caption":"stockholmslan"},"sameAs":["http:\/\/www.dhr.se\/stockholmslan"],"url":"https:\/\/dhr.se\/stockholmslan\/blog\/author\/stockholmslan\/"}]}},"publishpress_future_action":{"enabled":false,"date":"2026-05-02 07:38:44","action":"change-status","newStatus":"draft","terms":[],"taxonomy":"category","extraData":[]},"publishpress_future_workflow_manual_trigger":{"enabledWorkflows":[]},"_links":{"self":[{"href":"https:\/\/dhr.se\/stockholmslan\/wp-json\/wp\/v2\/posts\/7290","targetHints":{"allow":["GET"]}}],"collection":[{"href":"https:\/\/dhr.se\/stockholmslan\/wp-json\/wp\/v2\/posts"}],"about":[{"href":"https:\/\/dhr.se\/stockholmslan\/wp-json\/wp\/v2\/types\/post"}],"author":[{"embeddable":true,"href":"https:\/\/dhr.se\/stockholmslan\/wp-json\/wp\/v2\/users\/9"}],"replies":[{"embeddable":true,"href":"https:\/\/dhr.se\/stockholmslan\/wp-json\/wp\/v2\/comments?post=7290"}],"version-history":[{"count":3,"href":"https:\/\/dhr.se\/stockholmslan\/wp-json\/wp\/v2\/posts\/7290\/revisions"}],"predecessor-version":[{"id":7302,"href":"https:\/\/dhr.se\/stockholmslan\/wp-json\/wp\/v2\/posts\/7290\/revisions\/7302"}],"wp:attachment":[{"href":"https:\/\/dhr.se\/stockholmslan\/wp-json\/wp\/v2\/media?parent=7290"}],"wp:term":[{"taxonomy":"category","embeddable":true,"href":"https:\/\/dhr.se\/stockholmslan\/wp-json\/wp\/v2\/categories?post=7290"},{"taxonomy":"post_tag","embeddable":true,"href":"https:\/\/dhr.se\/stockholmslan\/wp-json\/wp\/v2\/tags?post=7290"}],"curies":[{"name":"wp","href":"https:\/\/api.w.org\/{rel}","templated":true}]}}