{"id":8057,"date":"2026-08-24T14:23:08","date_gmt":"2026-08-24T12:23:08","guid":{"rendered":"https:\/\/dhr.se\/stockholmslan\/?p=8057"},"modified":"2026-08-24T14:23:12","modified_gmt":"2026-08-24T12:23:12","slug":"sari-nykvist-berattar-varfor-hon-skrev-boken-saret-och-kampen","status":"publish","type":"post","link":"https:\/\/dhr.se\/stockholmslan\/blog\/2026\/08\/24\/sari-nykvist-berattar-varfor-hon-skrev-boken-saret-och-kampen\/","title":{"rendered":"Sari Nykvist ber\u00e4ttar varf\u00f6r hon skrev boken S\u00e5ret och kampen"},"content":{"rendered":"\n<p class=\"wp-block-paragraph\"><a href=\"http:\/\/funktionshinderpolitik.se\">Funktionshinderpolitik.se<\/a> har pratat med Sari Nykvist om varf\u00f6r hon skrev boken <em>S\u00e5ret och kampen. <\/em>I intervjun f\u00f6rklarar Nykvist att den fr\u00e4msta anledningen var att hon ville bevara minnet av och sj\u00e4lv ber\u00e4tta om aktionerna som hon och flera andra genomf\u00f6rde. Tillsammans st\u00e4llde de sig framf\u00f6r bussar f\u00f6r att hindra dem fr\u00e5n att \u00e5ka, som ett s\u00e4tt att belysa den otillg\u00e4ngliga kollektivtrafiken f\u00f6r personer med r\u00f6relseneds\u00e4ttning.<\/p>\n\n\n\n<p class=\"wp-block-paragraph\">L\u00e4s intervjun i sin helhet h\u00e4r:<a href=\"https:\/\/funktionshinderpolitik.se\/hon-stoppade-busstrafiken-med-civil-olydnad-nu-berattar-hon-hur\/\" target=\"_blank\" rel=\"noreferrer noopener\"> \u201dHon stoppade busstrafiken med civil olydnad \u2013 nu ber\u00e4ttar hon hur\u201d<\/a><\/p>\n\n\n\n<p class=\"wp-block-paragraph\"><\/p>\n","protected":false},"excerpt":{"rendered":"<p>Funktionshinderpolitik.se har pratat med Sari Nykvist om varf\u00f6r hon skrev boken S\u00e5ret och kampen. I intervjun f\u00f6rklarar Nykvist att den fr\u00e4msta anledningen var att hon ville bevara minnet av och sj\u00e4lv ber\u00e4tta om aktionerna som hon och flera andra genomf\u00f6rde.[&hellip;]<\/p>\n","protected":false},"author":101,"featured_media":0,"comment_status":"closed","ping_status":"open","sticky":false,"template":"","format":"standard","meta":{"_acf_changed":false,"_monsterinsights_skip_tracking":false,"footnotes":""},"categories":[1],"tags":[],"class_list":["post-8057","post","type-post","status-publish","format-standard","hentry","category-okategoriserad"],"acf":[],"yoast_head":"<!-- This site is optimized with the Yoast SEO plugin v28.3 - https:\/\/yoast.com\/product\/yoast-seo-wordpress\/ -->\n<title>Sari Nykvist ber\u00e4ttar varf\u00f6r hon skrev boken S\u00e5ret och kampen - DHR - Region Stockholm<\/title>\n<meta name=\"robots\" content=\"index, follow, max-snippet:-1, max-image-preview:large, max-video-preview:-1\" \/>\n<link rel=\"canonical\" href=\"https:\/\/dhr.se\/stockholmslan\/blog\/2026\/08\/24\/sari-nykvist-berattar-varfor-hon-skrev-boken-saret-och-kampen\/\" \/>\n<meta property=\"og:locale\" content=\"sv_SE\" \/>\n<meta property=\"og:type\" content=\"article\" \/>\n<meta property=\"og:title\" content=\"Sari Nykvist ber\u00e4ttar varf\u00f6r hon skrev boken S\u00e5ret och kampen - DHR - Region Stockholm\" \/>\n<meta property=\"og:description\" content=\"Funktionshinderpolitik.se har pratat med Sari Nykvist om varf\u00f6r hon skrev boken S\u00e5ret och kampen. I intervjun f\u00f6rklarar Nykvist att den fr\u00e4msta anledningen var att hon ville bevara minnet av och sj\u00e4lv ber\u00e4tta om aktionerna som hon och flera andra genomf\u00f6rde.[&hellip;]\" \/>\n<meta property=\"og:url\" content=\"https:\/\/dhr.se\/stockholmslan\/blog\/2026\/08\/24\/sari-nykvist-berattar-varfor-hon-skrev-boken-saret-och-kampen\/\" \/>\n<meta property=\"og:site_name\" content=\"DHR - Region Stockholm\" \/>\n<meta property=\"article:publisher\" content=\"https:\/\/www.facebook.com\/DHRStockholmsLan\" \/>\n<meta property=\"article:published_time\" content=\"2026-08-24T12:23:08+00:00\" \/>\n<meta property=\"article:modified_time\" content=\"2026-08-24T12:23:12+00:00\" \/>\n<meta name=\"author\" content=\"stockholmslan3\" \/>\n<meta name=\"twitter:card\" content=\"summary_large_image\" \/>\n<meta name=\"twitter:label1\" content=\"Skriven av\" \/>\n\t<meta name=\"twitter:data1\" content=\"stockholmslan3\" \/>\n\t<meta name=\"twitter:label2\" content=\"Ber\u00e4knad l\u00e4stid\" \/>\n\t<meta name=\"twitter:data2\" content=\"1 minut\" \/>\n<script type=\"application\/ld+json\" class=\"yoast-schema-graph\">{\"@context\":\"https:\\\/\\\/schema.org\",\"@graph\":[{\"@type\":\"Article\",\"@id\":\"https:\\\/\\\/dhr.se\\\/stockholmslan\\\/blog\\\/2026\\\/08\\\/24\\\/sari-nykvist-berattar-varfor-hon-skrev-boken-saret-och-kampen\\\/#article\",\"isPartOf\":{\"@id\":\"https:\\\/\\\/dhr.se\\\/stockholmslan\\\/blog\\\/2026\\\/08\\\/24\\\/sari-nykvist-berattar-varfor-hon-skrev-boken-saret-och-kampen\\\/\"},\"author\":{\"name\":\"stockholmslan3\",\"@id\":\"https:\\\/\\\/dhr.se\\\/stockholmslan\\\/#\\\/schema\\\/person\\\/0dca20cbe5e13619e4dd7134b4838fa5\"},\"headline\":\"Sari Nykvist ber\u00e4ttar varf\u00f6r hon skrev boken S\u00e5ret och kampen\",\"datePublished\":\"2026-08-24T12:23:08+00:00\",\"dateModified\":\"2026-08-24T12:23:12+00:00\",\"mainEntityOfPage\":{\"@id\":\"https:\\\/\\\/dhr.se\\\/stockholmslan\\\/blog\\\/2026\\\/08\\\/24\\\/sari-nykvist-berattar-varfor-hon-skrev-boken-saret-och-kampen\\\/\"},\"wordCount\":114,\"publisher\":{\"@id\":\"https:\\\/\\\/dhr.se\\\/stockholmslan\\\/#organization\"},\"articleSection\":[\"Okategoriserad\"],\"inLanguage\":\"sv-SE\"},{\"@type\":\"WebPage\",\"@id\":\"https:\\\/\\\/dhr.se\\\/stockholmslan\\\/blog\\\/2026\\\/08\\\/24\\\/sari-nykvist-berattar-varfor-hon-skrev-boken-saret-och-kampen\\\/\",\"url\":\"https:\\\/\\\/dhr.se\\\/stockholmslan\\\/blog\\\/2026\\\/08\\\/24\\\/sari-nykvist-berattar-varfor-hon-skrev-boken-saret-och-kampen\\\/\",\"name\":\"Sari Nykvist ber\u00e4ttar varf\u00f6r hon skrev boken S\u00e5ret och kampen - DHR - Region Stockholm\",\"isPartOf\":{\"@id\":\"https:\\\/\\\/dhr.se\\\/stockholmslan\\\/#website\"},\"datePublished\":\"2026-08-24T12:23:08+00:00\",\"dateModified\":\"2026-08-24T12:23:12+00:00\",\"breadcrumb\":{\"@id\":\"https:\\\/\\\/dhr.se\\\/stockholmslan\\\/blog\\\/2026\\\/08\\\/24\\\/sari-nykvist-berattar-varfor-hon-skrev-boken-saret-och-kampen\\\/#breadcrumb\"},\"inLanguage\":\"sv-SE\",\"potentialAction\":[{\"@type\":\"ReadAction\",\"target\":[\"https:\\\/\\\/dhr.se\\\/stockholmslan\\\/blog\\\/2026\\\/08\\\/24\\\/sari-nykvist-berattar-varfor-hon-skrev-boken-saret-och-kampen\\\/\"]}]},{\"@type\":\"BreadcrumbList\",\"@id\":\"https:\\\/\\\/dhr.se\\\/stockholmslan\\\/blog\\\/2026\\\/08\\\/24\\\/sari-nykvist-berattar-varfor-hon-skrev-boken-saret-och-kampen\\\/#breadcrumb\",\"itemListElement\":[{\"@type\":\"ListItem\",\"position\":1,\"name\":\"Hem\",\"item\":\"https:\\\/\\\/dhr.se\\\/stockholmslan\\\/\"},{\"@type\":\"ListItem\",\"position\":2,\"name\":\"Sari Nykvist ber\u00e4ttar varf\u00f6r hon skrev boken S\u00e5ret och kampen\"}]},{\"@type\":\"WebSite\",\"@id\":\"https:\\\/\\\/dhr.se\\\/stockholmslan\\\/#website\",\"url\":\"https:\\\/\\\/dhr.se\\\/stockholmslan\\\/\",\"name\":\"DHR - Region Stockholm\",\"description\":\"Delaktighet - Handlingskraft - R\u00f6relsefrihet\",\"publisher\":{\"@id\":\"https:\\\/\\\/dhr.se\\\/stockholmslan\\\/#organization\"},\"potentialAction\":[{\"@type\":\"SearchAction\",\"target\":{\"@type\":\"EntryPoint\",\"urlTemplate\":\"https:\\\/\\\/dhr.se\\\/stockholmslan\\\/?s={search_term_string}\"},\"query-input\":{\"@type\":\"PropertyValueSpecification\",\"valueRequired\":true,\"valueName\":\"search_term_string\"}}],\"inLanguage\":\"sv-SE\"},{\"@type\":\"Organization\",\"@id\":\"https:\\\/\\\/dhr.se\\\/stockholmslan\\\/#organization\",\"name\":\"DHR Region Stockholm\",\"url\":\"https:\\\/\\\/dhr.se\\\/stockholmslan\\\/\",\"logo\":{\"@type\":\"ImageObject\",\"inLanguage\":\"sv-SE\",\"@id\":\"https:\\\/\\\/dhr.se\\\/stockholmslan\\\/#\\\/schema\\\/logo\\\/image\\\/\",\"url\":\"https:\\\/\\\/dhr.se\\\/stockholmslan\\\/wp-content\\\/uploads\\\/sites\\\/5\\\/2021\\\/12\\\/REGION-STOCKHOLM-orange-48-p.jpg\",\"contentUrl\":\"https:\\\/\\\/dhr.se\\\/stockholmslan\\\/wp-content\\\/uploads\\\/sites\\\/5\\\/2021\\\/12\\\/REGION-STOCKHOLM-orange-48-p.jpg\",\"width\":891,\"height\":694,\"caption\":\"DHR Region Stockholm\"},\"image\":{\"@id\":\"https:\\\/\\\/dhr.se\\\/stockholmslan\\\/#\\\/schema\\\/logo\\\/image\\\/\"},\"sameAs\":[\"https:\\\/\\\/www.facebook.com\\\/DHRStockholmsLan\",\"https:\\\/\\\/www.instagram.com\\\/dhr_sld\\\/\"]},{\"@type\":\"Person\",\"@id\":\"https:\\\/\\\/dhr.se\\\/stockholmslan\\\/#\\\/schema\\\/person\\\/0dca20cbe5e13619e4dd7134b4838fa5\",\"name\":\"stockholmslan3\",\"image\":{\"@type\":\"ImageObject\",\"inLanguage\":\"sv-SE\",\"@id\":\"https:\\\/\\\/secure.gravatar.com\\\/avatar\\\/62807cd19e56a22fd0261d753d9155d9cdeec0009d00bdf4038497618c283eab?s=96&d=mm&r=g\",\"url\":\"https:\\\/\\\/secure.gravatar.com\\\/avatar\\\/62807cd19e56a22fd0261d753d9155d9cdeec0009d00bdf4038497618c283eab?s=96&d=mm&r=g\",\"contentUrl\":\"https:\\\/\\\/secure.gravatar.com\\\/avatar\\\/62807cd19e56a22fd0261d753d9155d9cdeec0009d00bdf4038497618c283eab?s=96&d=mm&r=g\",\"caption\":\"stockholmslan3\"},\"sameAs\":[\"http:\\\/\\\/www.dhr.se\\\/stockholmslan\"],\"url\":\"https:\\\/\\\/dhr.se\\\/stockholmslan\\\/blog\\\/author\\\/stockholmslan3\\\/\"}]}<\/script>\n<!-- \/ Yoast SEO plugin. -->","yoast_head_json":{"title":"Sari Nykvist ber\u00e4ttar varf\u00f6r hon skrev boken S\u00e5ret och kampen - DHR - Region Stockholm","robots":{"index":"index","follow":"follow","max-snippet":"max-snippet:-1","max-image-preview":"max-image-preview:large","max-video-preview":"max-video-preview:-1"},"canonical":"https:\/\/dhr.se\/stockholmslan\/blog\/2026\/08\/24\/sari-nykvist-berattar-varfor-hon-skrev-boken-saret-och-kampen\/","og_locale":"sv_SE","og_type":"article","og_title":"Sari Nykvist ber\u00e4ttar varf\u00f6r hon skrev boken S\u00e5ret och kampen - DHR - Region Stockholm","og_description":"Funktionshinderpolitik.se har pratat med Sari Nykvist om varf\u00f6r hon skrev boken S\u00e5ret och kampen. I intervjun f\u00f6rklarar Nykvist att den fr\u00e4msta anledningen var att hon ville bevara minnet av och sj\u00e4lv ber\u00e4tta om aktionerna som hon och flera andra genomf\u00f6rde.[&hellip;]","og_url":"https:\/\/dhr.se\/stockholmslan\/blog\/2026\/08\/24\/sari-nykvist-berattar-varfor-hon-skrev-boken-saret-och-kampen\/","og_site_name":"DHR - Region Stockholm","article_publisher":"https:\/\/www.facebook.com\/DHRStockholmsLan","article_published_time":"2026-08-24T12:23:08+00:00","article_modified_time":"2026-08-24T12:23:12+00:00","author":"stockholmslan3","twitter_card":"summary_large_image","twitter_misc":{"Skriven av":"stockholmslan3","Ber\u00e4knad l\u00e4stid":"1 minut"},"schema":{"@context":"https:\/\/schema.org","@graph":[{"@type":"Article","@id":"https:\/\/dhr.se\/stockholmslan\/blog\/2026\/08\/24\/sari-nykvist-berattar-varfor-hon-skrev-boken-saret-och-kampen\/#article","isPartOf":{"@id":"https:\/\/dhr.se\/stockholmslan\/blog\/2026\/08\/24\/sari-nykvist-berattar-varfor-hon-skrev-boken-saret-och-kampen\/"},"author":{"name":"stockholmslan3","@id":"https:\/\/dhr.se\/stockholmslan\/#\/schema\/person\/0dca20cbe5e13619e4dd7134b4838fa5"},"headline":"Sari Nykvist ber\u00e4ttar varf\u00f6r hon skrev boken S\u00e5ret och kampen","datePublished":"2026-08-24T12:23:08+00:00","dateModified":"2026-08-24T12:23:12+00:00","mainEntityOfPage":{"@id":"https:\/\/dhr.se\/stockholmslan\/blog\/2026\/08\/24\/sari-nykvist-berattar-varfor-hon-skrev-boken-saret-och-kampen\/"},"wordCount":114,"publisher":{"@id":"https:\/\/dhr.se\/stockholmslan\/#organization"},"articleSection":["Okategoriserad"],"inLanguage":"sv-SE"},{"@type":"WebPage","@id":"https:\/\/dhr.se\/stockholmslan\/blog\/2026\/08\/24\/sari-nykvist-berattar-varfor-hon-skrev-boken-saret-och-kampen\/","url":"https:\/\/dhr.se\/stockholmslan\/blog\/2026\/08\/24\/sari-nykvist-berattar-varfor-hon-skrev-boken-saret-och-kampen\/","name":"Sari Nykvist ber\u00e4ttar varf\u00f6r hon skrev boken S\u00e5ret och kampen - DHR - Region Stockholm","isPartOf":{"@id":"https:\/\/dhr.se\/stockholmslan\/#website"},"datePublished":"2026-08-24T12:23:08+00:00","dateModified":"2026-08-24T12:23:12+00:00","breadcrumb":{"@id":"https:\/\/dhr.se\/stockholmslan\/blog\/2026\/08\/24\/sari-nykvist-berattar-varfor-hon-skrev-boken-saret-och-kampen\/#breadcrumb"},"inLanguage":"sv-SE","potentialAction":[{"@type":"ReadAction","target":["https:\/\/dhr.se\/stockholmslan\/blog\/2026\/08\/24\/sari-nykvist-berattar-varfor-hon-skrev-boken-saret-och-kampen\/"]}]},{"@type":"BreadcrumbList","@id":"https:\/\/dhr.se\/stockholmslan\/blog\/2026\/08\/24\/sari-nykvist-berattar-varfor-hon-skrev-boken-saret-och-kampen\/#breadcrumb","itemListElement":[{"@type":"ListItem","position":1,"name":"Hem","item":"https:\/\/dhr.se\/stockholmslan\/"},{"@type":"ListItem","position":2,"name":"Sari Nykvist ber\u00e4ttar varf\u00f6r hon skrev boken S\u00e5ret och kampen"}]},{"@type":"WebSite","@id":"https:\/\/dhr.se\/stockholmslan\/#website","url":"https:\/\/dhr.se\/stockholmslan\/","name":"DHR - Region Stockholm","description":"Delaktighet - Handlingskraft - R\u00f6relsefrihet","publisher":{"@id":"https:\/\/dhr.se\/stockholmslan\/#organization"},"potentialAction":[{"@type":"SearchAction","target":{"@type":"EntryPoint","urlTemplate":"https:\/\/dhr.se\/stockholmslan\/?s={search_term_string}"},"query-input":{"@type":"PropertyValueSpecification","valueRequired":true,"valueName":"search_term_string"}}],"inLanguage":"sv-SE"},{"@type":"Organization","@id":"https:\/\/dhr.se\/stockholmslan\/#organization","name":"DHR Region Stockholm","url":"https:\/\/dhr.se\/stockholmslan\/","logo":{"@type":"ImageObject","inLanguage":"sv-SE","@id":"https:\/\/dhr.se\/stockholmslan\/#\/schema\/logo\/image\/","url":"https:\/\/dhr.se\/stockholmslan\/wp-content\/uploads\/sites\/5\/2021\/12\/REGION-STOCKHOLM-orange-48-p.jpg","contentUrl":"https:\/\/dhr.se\/stockholmslan\/wp-content\/uploads\/sites\/5\/2021\/12\/REGION-STOCKHOLM-orange-48-p.jpg","width":891,"height":694,"caption":"DHR Region Stockholm"},"image":{"@id":"https:\/\/dhr.se\/stockholmslan\/#\/schema\/logo\/image\/"},"sameAs":["https:\/\/www.facebook.com\/DHRStockholmsLan","https:\/\/www.instagram.com\/dhr_sld\/"]},{"@type":"Person","@id":"https:\/\/dhr.se\/stockholmslan\/#\/schema\/person\/0dca20cbe5e13619e4dd7134b4838fa5","name":"stockholmslan3","image":{"@type":"ImageObject","inLanguage":"sv-SE","@id":"https:\/\/secure.gravatar.com\/avatar\/62807cd19e56a22fd0261d753d9155d9cdeec0009d00bdf4038497618c283eab?s=96&d=mm&r=g","url":"https:\/\/secure.gravatar.com\/avatar\/62807cd19e56a22fd0261d753d9155d9cdeec0009d00bdf4038497618c283eab?s=96&d=mm&r=g","contentUrl":"https:\/\/secure.gravatar.com\/avatar\/62807cd19e56a22fd0261d753d9155d9cdeec0009d00bdf4038497618c283eab?s=96&d=mm&r=g","caption":"stockholmslan3"},"sameAs":["http:\/\/www.dhr.se\/stockholmslan"],"url":"https:\/\/dhr.se\/stockholmslan\/blog\/author\/stockholmslan3\/"}]}},"publishpress_future_action":{"enabled":false,"date":"2026-09-08 15:53:08","action":"change-status","newStatus":"draft","terms":[],"taxonomy":"category","extraData":[]},"publishpress_future_workflow_manual_trigger":{"enabledWorkflows":[]},"_links":{"self":[{"href":"https:\/\/dhr.se\/stockholmslan\/wp-json\/wp\/v2\/posts\/8057","targetHints":{"allow":["GET"]}}],"collection":[{"href":"https:\/\/dhr.se\/stockholmslan\/wp-json\/wp\/v2\/posts"}],"about":[{"href":"https:\/\/dhr.se\/stockholmslan\/wp-json\/wp\/v2\/types\/post"}],"author":[{"embeddable":true,"href":"https:\/\/dhr.se\/stockholmslan\/wp-json\/wp\/v2\/users\/101"}],"replies":[{"embeddable":true,"href":"https:\/\/dhr.se\/stockholmslan\/wp-json\/wp\/v2\/comments?post=8057"}],"version-history":[{"count":1,"href":"https:\/\/dhr.se\/stockholmslan\/wp-json\/wp\/v2\/posts\/8057\/revisions"}],"predecessor-version":[{"id":8058,"href":"https:\/\/dhr.se\/stockholmslan\/wp-json\/wp\/v2\/posts\/8057\/revisions\/8058"}],"wp:attachment":[{"href":"https:\/\/dhr.se\/stockholmslan\/wp-json\/wp\/v2\/media?parent=8057"}],"wp:term":[{"taxonomy":"category","embeddable":true,"href":"https:\/\/dhr.se\/stockholmslan\/wp-json\/wp\/v2\/categories?post=8057"},{"taxonomy":"post_tag","embeddable":true,"href":"https:\/\/dhr.se\/stockholmslan\/wp-json\/wp\/v2\/tags?post=8057"}],"curies":[{"name":"wp","href":"https:\/\/api.w.org\/{rel}","templated":true}]}}