{"id":8109,"date":"2026-08-27T17:30:44","date_gmt":"2026-08-27T15:30:44","guid":{"rendered":"https:\/\/dhr.se\/stockholmslan\/?p=8109"},"modified":"2026-08-27T17:38:59","modified_gmt":"2026-08-27T15:38:59","slug":"gor-din-rost-hord","status":"publish","type":"post","link":"https:\/\/dhr.se\/stockholmslan\/blog\/2026\/08\/27\/gor-din-rost-hord\/","title":{"rendered":"G\u00f6r din r\u00f6st h\u00f6rd!"},"content":{"rendered":"\n<p class=\"wp-block-paragraph\">LSS-reformen \u00e4r i fara. Den revolutionerande lagstiftningen som inneburit frihet, sj\u00e4lvbest\u00e4mmande och r\u00e4tt till ett eget liv \u00e4r under attack och du kan hj\u00e4lpa till att r\u00e4dda den. S\u00f6ndagen den 6 september samlas vi f\u00f6r en manifestation p\u00e5 Sergels torg.&nbsp;Ett flertal organisationer inom funktionsr\u00e4ttsr\u00f6relsen st\u00e5r bakom evenemanget, hj\u00e4lp till att samla r\u00f6ster genom att deltaga och st\u00f6dja kampen mot nedmonteringen av LSS.&nbsp;<\/p>\n\n\n\n<p class=\"wp-block-paragraph\">Du som vill tala mejlar till&nbsp;<a href=\"mailto:kontakt@stockholm.rbu.se\" target=\"_blank\" rel=\"noreferrer noopener\">kontakt@stockholm.rbu.se<\/a>&nbsp;<\/p>\n\n\n\n<p class=\"wp-block-paragraph\"><strong>Plats: <\/strong>Scenen vid Sergels torg\u00a0<\/p>\n\n\n\n<p class=\"wp-block-paragraph\"><strong>Tidpunkt:<\/strong> 6 september klockan 14:30 \u2013 16:30\u00a0<\/p>\n\n\n\n<p class=\"wp-block-paragraph\">Vi ses d\u00e4r!&nbsp;<\/p>\n","protected":false},"excerpt":{"rendered":"<p>LSS-reformen \u00e4r i fara. Den revolutionerande lagstiftningen som inneburit frihet, sj\u00e4lvbest\u00e4mmande och r\u00e4tt till ett eget liv \u00e4r under attack och du kan hj\u00e4lpa till att r\u00e4dda den. S\u00f6ndagen den 6 september samlas vi f\u00f6r en manifestation p\u00e5 Sergels torg.&nbsp;Ett[&hellip;]<\/p>\n","protected":false},"author":101,"featured_media":0,"comment_status":"closed","ping_status":"open","sticky":false,"template":"","format":"standard","meta":{"_acf_changed":false,"_monsterinsights_skip_tracking":false,"footnotes":""},"categories":[1],"tags":[],"class_list":["post-8109","post","type-post","status-publish","format-standard","hentry","category-okategoriserad"],"acf":[],"yoast_head":"<!-- This site is optimized with the Yoast SEO plugin v28.1 - https:\/\/yoast.com\/product\/yoast-seo-wordpress\/ -->\n<title>G\u00f6r din r\u00f6st h\u00f6rd! - DHR - Region Stockholm<\/title>\n<meta name=\"robots\" content=\"index, follow, max-snippet:-1, max-image-preview:large, max-video-preview:-1\" \/>\n<link rel=\"canonical\" href=\"https:\/\/dhr.se\/stockholmslan\/blog\/2026\/08\/27\/gor-din-rost-hord\/\" \/>\n<meta property=\"og:locale\" content=\"sv_SE\" \/>\n<meta property=\"og:type\" content=\"article\" \/>\n<meta property=\"og:title\" content=\"G\u00f6r din r\u00f6st h\u00f6rd! - DHR - Region Stockholm\" \/>\n<meta property=\"og:description\" content=\"LSS-reformen \u00e4r i fara. Den revolutionerande lagstiftningen som inneburit frihet, sj\u00e4lvbest\u00e4mmande och r\u00e4tt till ett eget liv \u00e4r under attack och du kan hj\u00e4lpa till att r\u00e4dda den. S\u00f6ndagen den 6 september samlas vi f\u00f6r en manifestation p\u00e5 Sergels torg.&nbsp;Ett[&hellip;]\" \/>\n<meta property=\"og:url\" content=\"https:\/\/dhr.se\/stockholmslan\/blog\/2026\/08\/27\/gor-din-rost-hord\/\" \/>\n<meta property=\"og:site_name\" content=\"DHR - Region Stockholm\" \/>\n<meta property=\"article:publisher\" content=\"https:\/\/www.facebook.com\/DHRStockholmsLan\" \/>\n<meta property=\"article:published_time\" content=\"2026-08-27T15:30:44+00:00\" \/>\n<meta property=\"article:modified_time\" content=\"2026-08-27T15:38:59+00:00\" \/>\n<meta name=\"author\" content=\"stockholmslan3\" \/>\n<meta name=\"twitter:card\" content=\"summary_large_image\" \/>\n<meta name=\"twitter:label1\" content=\"Skriven av\" \/>\n\t<meta name=\"twitter:data1\" content=\"stockholmslan3\" \/>\n\t<meta name=\"twitter:label2\" content=\"Ber\u00e4knad l\u00e4stid\" \/>\n\t<meta name=\"twitter:data2\" content=\"1 minut\" \/>\n<script type=\"application\/ld+json\" class=\"yoast-schema-graph\">{\"@context\":\"https:\\\/\\\/schema.org\",\"@graph\":[{\"@type\":\"Article\",\"@id\":\"https:\\\/\\\/dhr.se\\\/stockholmslan\\\/blog\\\/2026\\\/08\\\/27\\\/gor-din-rost-hord\\\/#article\",\"isPartOf\":{\"@id\":\"https:\\\/\\\/dhr.se\\\/stockholmslan\\\/blog\\\/2026\\\/08\\\/27\\\/gor-din-rost-hord\\\/\"},\"author\":{\"name\":\"stockholmslan3\",\"@id\":\"https:\\\/\\\/dhr.se\\\/stockholmslan\\\/#\\\/schema\\\/person\\\/0dca20cbe5e13619e4dd7134b4838fa5\"},\"headline\":\"G\u00f6r din r\u00f6st h\u00f6rd!\",\"datePublished\":\"2026-08-27T15:30:44+00:00\",\"dateModified\":\"2026-08-27T15:38:59+00:00\",\"mainEntityOfPage\":{\"@id\":\"https:\\\/\\\/dhr.se\\\/stockholmslan\\\/blog\\\/2026\\\/08\\\/27\\\/gor-din-rost-hord\\\/\"},\"wordCount\":109,\"publisher\":{\"@id\":\"https:\\\/\\\/dhr.se\\\/stockholmslan\\\/#organization\"},\"articleSection\":[\"Okategoriserad\"],\"inLanguage\":\"sv-SE\"},{\"@type\":\"WebPage\",\"@id\":\"https:\\\/\\\/dhr.se\\\/stockholmslan\\\/blog\\\/2026\\\/08\\\/27\\\/gor-din-rost-hord\\\/\",\"url\":\"https:\\\/\\\/dhr.se\\\/stockholmslan\\\/blog\\\/2026\\\/08\\\/27\\\/gor-din-rost-hord\\\/\",\"name\":\"G\u00f6r din r\u00f6st h\u00f6rd! - DHR - Region Stockholm\",\"isPartOf\":{\"@id\":\"https:\\\/\\\/dhr.se\\\/stockholmslan\\\/#website\"},\"datePublished\":\"2026-08-27T15:30:44+00:00\",\"dateModified\":\"2026-08-27T15:38:59+00:00\",\"breadcrumb\":{\"@id\":\"https:\\\/\\\/dhr.se\\\/stockholmslan\\\/blog\\\/2026\\\/08\\\/27\\\/gor-din-rost-hord\\\/#breadcrumb\"},\"inLanguage\":\"sv-SE\",\"potentialAction\":[{\"@type\":\"ReadAction\",\"target\":[\"https:\\\/\\\/dhr.se\\\/stockholmslan\\\/blog\\\/2026\\\/08\\\/27\\\/gor-din-rost-hord\\\/\"]}]},{\"@type\":\"BreadcrumbList\",\"@id\":\"https:\\\/\\\/dhr.se\\\/stockholmslan\\\/blog\\\/2026\\\/08\\\/27\\\/gor-din-rost-hord\\\/#breadcrumb\",\"itemListElement\":[{\"@type\":\"ListItem\",\"position\":1,\"name\":\"Hem\",\"item\":\"https:\\\/\\\/dhr.se\\\/stockholmslan\\\/\"},{\"@type\":\"ListItem\",\"position\":2,\"name\":\"G\u00f6r din r\u00f6st h\u00f6rd!\"}]},{\"@type\":\"WebSite\",\"@id\":\"https:\\\/\\\/dhr.se\\\/stockholmslan\\\/#website\",\"url\":\"https:\\\/\\\/dhr.se\\\/stockholmslan\\\/\",\"name\":\"DHR - Region Stockholm\",\"description\":\"Delaktighet - Handlingskraft - R\u00f6relsefrihet\",\"publisher\":{\"@id\":\"https:\\\/\\\/dhr.se\\\/stockholmslan\\\/#organization\"},\"potentialAction\":[{\"@type\":\"SearchAction\",\"target\":{\"@type\":\"EntryPoint\",\"urlTemplate\":\"https:\\\/\\\/dhr.se\\\/stockholmslan\\\/?s={search_term_string}\"},\"query-input\":{\"@type\":\"PropertyValueSpecification\",\"valueRequired\":true,\"valueName\":\"search_term_string\"}}],\"inLanguage\":\"sv-SE\"},{\"@type\":\"Organization\",\"@id\":\"https:\\\/\\\/dhr.se\\\/stockholmslan\\\/#organization\",\"name\":\"DHR Region Stockholm\",\"url\":\"https:\\\/\\\/dhr.se\\\/stockholmslan\\\/\",\"logo\":{\"@type\":\"ImageObject\",\"inLanguage\":\"sv-SE\",\"@id\":\"https:\\\/\\\/dhr.se\\\/stockholmslan\\\/#\\\/schema\\\/logo\\\/image\\\/\",\"url\":\"https:\\\/\\\/dhr.se\\\/stockholmslan\\\/wp-content\\\/uploads\\\/sites\\\/5\\\/2021\\\/12\\\/REGION-STOCKHOLM-orange-48-p.jpg\",\"contentUrl\":\"https:\\\/\\\/dhr.se\\\/stockholmslan\\\/wp-content\\\/uploads\\\/sites\\\/5\\\/2021\\\/12\\\/REGION-STOCKHOLM-orange-48-p.jpg\",\"width\":891,\"height\":694,\"caption\":\"DHR Region Stockholm\"},\"image\":{\"@id\":\"https:\\\/\\\/dhr.se\\\/stockholmslan\\\/#\\\/schema\\\/logo\\\/image\\\/\"},\"sameAs\":[\"https:\\\/\\\/www.facebook.com\\\/DHRStockholmsLan\",\"https:\\\/\\\/www.instagram.com\\\/dhr_sld\\\/\"]},{\"@type\":\"Person\",\"@id\":\"https:\\\/\\\/dhr.se\\\/stockholmslan\\\/#\\\/schema\\\/person\\\/0dca20cbe5e13619e4dd7134b4838fa5\",\"name\":\"stockholmslan3\",\"image\":{\"@type\":\"ImageObject\",\"inLanguage\":\"sv-SE\",\"@id\":\"https:\\\/\\\/secure.gravatar.com\\\/avatar\\\/62807cd19e56a22fd0261d753d9155d9cdeec0009d00bdf4038497618c283eab?s=96&d=mm&r=g\",\"url\":\"https:\\\/\\\/secure.gravatar.com\\\/avatar\\\/62807cd19e56a22fd0261d753d9155d9cdeec0009d00bdf4038497618c283eab?s=96&d=mm&r=g\",\"contentUrl\":\"https:\\\/\\\/secure.gravatar.com\\\/avatar\\\/62807cd19e56a22fd0261d753d9155d9cdeec0009d00bdf4038497618c283eab?s=96&d=mm&r=g\",\"caption\":\"stockholmslan3\"},\"sameAs\":[\"http:\\\/\\\/www.dhr.se\\\/stockholmslan\"],\"url\":\"https:\\\/\\\/dhr.se\\\/stockholmslan\\\/blog\\\/author\\\/stockholmslan3\\\/\"}]}<\/script>\n<!-- \/ Yoast SEO plugin. -->","yoast_head_json":{"title":"G\u00f6r din r\u00f6st h\u00f6rd! - DHR - Region Stockholm","robots":{"index":"index","follow":"follow","max-snippet":"max-snippet:-1","max-image-preview":"max-image-preview:large","max-video-preview":"max-video-preview:-1"},"canonical":"https:\/\/dhr.se\/stockholmslan\/blog\/2026\/08\/27\/gor-din-rost-hord\/","og_locale":"sv_SE","og_type":"article","og_title":"G\u00f6r din r\u00f6st h\u00f6rd! - DHR - Region Stockholm","og_description":"LSS-reformen \u00e4r i fara. Den revolutionerande lagstiftningen som inneburit frihet, sj\u00e4lvbest\u00e4mmande och r\u00e4tt till ett eget liv \u00e4r under attack och du kan hj\u00e4lpa till att r\u00e4dda den. S\u00f6ndagen den 6 september samlas vi f\u00f6r en manifestation p\u00e5 Sergels torg.&nbsp;Ett[&hellip;]","og_url":"https:\/\/dhr.se\/stockholmslan\/blog\/2026\/08\/27\/gor-din-rost-hord\/","og_site_name":"DHR - Region Stockholm","article_publisher":"https:\/\/www.facebook.com\/DHRStockholmsLan","article_published_time":"2026-08-27T15:30:44+00:00","article_modified_time":"2026-08-27T15:38:59+00:00","author":"stockholmslan3","twitter_card":"summary_large_image","twitter_misc":{"Skriven av":"stockholmslan3","Ber\u00e4knad l\u00e4stid":"1 minut"},"schema":{"@context":"https:\/\/schema.org","@graph":[{"@type":"Article","@id":"https:\/\/dhr.se\/stockholmslan\/blog\/2026\/08\/27\/gor-din-rost-hord\/#article","isPartOf":{"@id":"https:\/\/dhr.se\/stockholmslan\/blog\/2026\/08\/27\/gor-din-rost-hord\/"},"author":{"name":"stockholmslan3","@id":"https:\/\/dhr.se\/stockholmslan\/#\/schema\/person\/0dca20cbe5e13619e4dd7134b4838fa5"},"headline":"G\u00f6r din r\u00f6st h\u00f6rd!","datePublished":"2026-08-27T15:30:44+00:00","dateModified":"2026-08-27T15:38:59+00:00","mainEntityOfPage":{"@id":"https:\/\/dhr.se\/stockholmslan\/blog\/2026\/08\/27\/gor-din-rost-hord\/"},"wordCount":109,"publisher":{"@id":"https:\/\/dhr.se\/stockholmslan\/#organization"},"articleSection":["Okategoriserad"],"inLanguage":"sv-SE"},{"@type":"WebPage","@id":"https:\/\/dhr.se\/stockholmslan\/blog\/2026\/08\/27\/gor-din-rost-hord\/","url":"https:\/\/dhr.se\/stockholmslan\/blog\/2026\/08\/27\/gor-din-rost-hord\/","name":"G\u00f6r din r\u00f6st h\u00f6rd! - DHR - Region Stockholm","isPartOf":{"@id":"https:\/\/dhr.se\/stockholmslan\/#website"},"datePublished":"2026-08-27T15:30:44+00:00","dateModified":"2026-08-27T15:38:59+00:00","breadcrumb":{"@id":"https:\/\/dhr.se\/stockholmslan\/blog\/2026\/08\/27\/gor-din-rost-hord\/#breadcrumb"},"inLanguage":"sv-SE","potentialAction":[{"@type":"ReadAction","target":["https:\/\/dhr.se\/stockholmslan\/blog\/2026\/08\/27\/gor-din-rost-hord\/"]}]},{"@type":"BreadcrumbList","@id":"https:\/\/dhr.se\/stockholmslan\/blog\/2026\/08\/27\/gor-din-rost-hord\/#breadcrumb","itemListElement":[{"@type":"ListItem","position":1,"name":"Hem","item":"https:\/\/dhr.se\/stockholmslan\/"},{"@type":"ListItem","position":2,"name":"G\u00f6r din r\u00f6st h\u00f6rd!"}]},{"@type":"WebSite","@id":"https:\/\/dhr.se\/stockholmslan\/#website","url":"https:\/\/dhr.se\/stockholmslan\/","name":"DHR - Region Stockholm","description":"Delaktighet - Handlingskraft - R\u00f6relsefrihet","publisher":{"@id":"https:\/\/dhr.se\/stockholmslan\/#organization"},"potentialAction":[{"@type":"SearchAction","target":{"@type":"EntryPoint","urlTemplate":"https:\/\/dhr.se\/stockholmslan\/?s={search_term_string}"},"query-input":{"@type":"PropertyValueSpecification","valueRequired":true,"valueName":"search_term_string"}}],"inLanguage":"sv-SE"},{"@type":"Organization","@id":"https:\/\/dhr.se\/stockholmslan\/#organization","name":"DHR Region Stockholm","url":"https:\/\/dhr.se\/stockholmslan\/","logo":{"@type":"ImageObject","inLanguage":"sv-SE","@id":"https:\/\/dhr.se\/stockholmslan\/#\/schema\/logo\/image\/","url":"https:\/\/dhr.se\/stockholmslan\/wp-content\/uploads\/sites\/5\/2021\/12\/REGION-STOCKHOLM-orange-48-p.jpg","contentUrl":"https:\/\/dhr.se\/stockholmslan\/wp-content\/uploads\/sites\/5\/2021\/12\/REGION-STOCKHOLM-orange-48-p.jpg","width":891,"height":694,"caption":"DHR Region Stockholm"},"image":{"@id":"https:\/\/dhr.se\/stockholmslan\/#\/schema\/logo\/image\/"},"sameAs":["https:\/\/www.facebook.com\/DHRStockholmsLan","https:\/\/www.instagram.com\/dhr_sld\/"]},{"@type":"Person","@id":"https:\/\/dhr.se\/stockholmslan\/#\/schema\/person\/0dca20cbe5e13619e4dd7134b4838fa5","name":"stockholmslan3","image":{"@type":"ImageObject","inLanguage":"sv-SE","@id":"https:\/\/secure.gravatar.com\/avatar\/62807cd19e56a22fd0261d753d9155d9cdeec0009d00bdf4038497618c283eab?s=96&d=mm&r=g","url":"https:\/\/secure.gravatar.com\/avatar\/62807cd19e56a22fd0261d753d9155d9cdeec0009d00bdf4038497618c283eab?s=96&d=mm&r=g","contentUrl":"https:\/\/secure.gravatar.com\/avatar\/62807cd19e56a22fd0261d753d9155d9cdeec0009d00bdf4038497618c283eab?s=96&d=mm&r=g","caption":"stockholmslan3"},"sameAs":["http:\/\/www.dhr.se\/stockholmslan"],"url":"https:\/\/dhr.se\/stockholmslan\/blog\/author\/stockholmslan3\/"}]}},"publishpress_future_action":{"enabled":false,"date":"2026-09-07 13:20:49","action":"change-status","newStatus":"draft","terms":[],"taxonomy":"category","extraData":[]},"publishpress_future_workflow_manual_trigger":{"enabledWorkflows":[]},"_links":{"self":[{"href":"https:\/\/dhr.se\/stockholmslan\/wp-json\/wp\/v2\/posts\/8109","targetHints":{"allow":["GET"]}}],"collection":[{"href":"https:\/\/dhr.se\/stockholmslan\/wp-json\/wp\/v2\/posts"}],"about":[{"href":"https:\/\/dhr.se\/stockholmslan\/wp-json\/wp\/v2\/types\/post"}],"author":[{"embeddable":true,"href":"https:\/\/dhr.se\/stockholmslan\/wp-json\/wp\/v2\/users\/101"}],"replies":[{"embeddable":true,"href":"https:\/\/dhr.se\/stockholmslan\/wp-json\/wp\/v2\/comments?post=8109"}],"version-history":[{"count":2,"href":"https:\/\/dhr.se\/stockholmslan\/wp-json\/wp\/v2\/posts\/8109\/revisions"}],"predecessor-version":[{"id":8111,"href":"https:\/\/dhr.se\/stockholmslan\/wp-json\/wp\/v2\/posts\/8109\/revisions\/8111"}],"wp:attachment":[{"href":"https:\/\/dhr.se\/stockholmslan\/wp-json\/wp\/v2\/media?parent=8109"}],"wp:term":[{"taxonomy":"category","embeddable":true,"href":"https:\/\/dhr.se\/stockholmslan\/wp-json\/wp\/v2\/categories?post=8109"},{"taxonomy":"post_tag","embeddable":true,"href":"https:\/\/dhr.se\/stockholmslan\/wp-json\/wp\/v2\/tags?post=8109"}],"curies":[{"name":"wp","href":"https:\/\/api.w.org\/{rel}","templated":true}]}}